{"id":6552,"date":"2026-04-26T10:00:46","date_gmt":"2026-04-26T08:00:46","guid":{"rendered":"https:\/\/laballade.de\/wordpress\/?p=6552"},"modified":"2026-04-25T14:43:52","modified_gmt":"2026-04-25T12:43:52","slug":"was-gibt-es-neues","status":"publish","type":"post","link":"https:\/\/laballade.de\/wordpress\/was-gibt-es-neues\/","title":{"rendered":"Was gibt es Neues?"},"content":{"rendered":"<p>\u201eMehr Lesestoff und immer wieder Neues\u201c g\u00e4be es auf laballade.de, steht auf meinen Flugis und in meinen B\u00fcchern hintendrin. Der Lesestoff findet sich <a href=\"https:\/\/laballade.de\/wordpress\/bibliothek\/geschriebenes\/\">hier<\/a>. Bleibt noch die Frage:<\/p>\n<h3>Was gibt es Neues?<\/h3>\n<h4>Musik<\/h4>\n<p>In naher Zukunft erst mal etwas Musikalisches: Am n\u00e4chsten Sonntag h\u00e4lt Zimmermeister Manfred Riebel einen Vortrag zum Thema \u201eRichtfest \u2013 Nur ein Ritual?\u00ab. J\u00fcrgen Ross (Dudelsack, vermutlich nicht nur einer) und ich (Organetto) liefern die Musik dazu. Wer Lust auf einen Ausflug in den Odenwald und auf nicht ganz allt\u00e4gliche Instrumente hat, kann sich den Termin vormerken: Sonntag, 3. Mai 2026, um 15.00 Uhr, in der <a href=\"https:\/\/www.burgschaenke-lindenfels.de\/aktuelles.html\">Burgsch\u00e4nke Lindenfels<\/a>.<\/p>\n<h4>B\u00fccher<\/h4>\n<p>Die Anthologie \u201e<a href=\"https:\/\/kleine-helden.de\/produkt\/kleine-helden-kurzgeschichten\/\">Kleine Helden \u2013 Kurzgeschichten<\/a>\u201c steht in den Startl\u00f6chern. Die Vorbestellaktion mit diversen Goodies ist abgeschlossen, aber nat\u00fcrlich kann immer noch f\u00fcr die demn\u00e4chst vorliegende Auflage vorbestellt werden. Es gibt sogar eine besonders edle Ultimate Collector Edition mit allerhand Zusatzmaterial. Ich gehe davon aus, dass ich zur <a href=\"https:\/\/klischee-buchmesse.de\/\">Klischee Buchmesse<\/a> im September einige Exemplare mitbringen kann.<\/p>\n<p>Im Lauf des Sommers soll mein n\u00e4chster Fantasy-Roman erscheinen: <i>Met im Mondlicht<\/i>, Coming-of-Age-Fantasy mit Orkgesang und rosa Laufv\u00f6geln. Klappentext:<\/p>\n<table width=\"100%\" cellspacing=\"0\" cellpadding=\"4\">\n<tbody>\n<tr>\n<td valign=\"top\" width=\"100%\">\u201eKann ein Mensch Geleitreiter f\u00fcr die Orkschamanin des Mondbergs werden?<\/p>\n<p>Bernwold meint ja und bereitet sich mit seinen pelzigen Freunden eifrig darauf vor.<\/p>\n<p>Zu Hause in der B\u00e4renburg braucht er sich um nicht zu k\u00fcmmern. Diensteifriges Gesinde sorgt f\u00fcr alles N\u00f6tige und w\u00fcrde sogar die Angreifer abwehren, die Bernwolds Mutter Nurdike \u00fcberall vermutet. Wenn sie diese Angst noch ablegen k\u00f6nnte und mehr Kontakt mit den orkischen Nachbarn suchen w\u00fcrde, w\u00e4re das Leben perfekt.<\/p>\n<p>Doch der Schein tr\u00fcgt.<\/p>\n<p>Die B\u00e4renburg und ihr bl\u00fchender Garten inmitten der Steppe existieren nur dank m\u00e4chtiger Magie \u2013 und die beginnt zu versiegen.<\/p>\n<p>Der Met, den die Schamanin am Fr\u00fchlingsfest ausgibt, soll dem angeblich entgegenwirken. Nurdike ersinnt einen riskanten Plan, um sich genug von dem magischen Getr\u00e4nk zu sichern. Wie von den G\u00f6ttern gesandt erscheint ein Ritter aus dem S\u00fcden, der ihr in ihrer Notlage beisteht. Denn Bernwold ist ihr da keine St\u00fctze.<\/p>\n<p>Doch auch unter Orks ist das Interesse an reichlich Zaubermet gro\u00df. Bernwold hat alle H\u00e4nde voll zu tun, seine Familie durch die Intrigen und K\u00e4mpfe zu lotsen, die mitten in dem unbeschwerten Fest aufbrechen.\u201c<\/td>\n<\/tr>\n<\/tbody>\n<\/table>\n<p>Ihren ersten Auftritt haben die Orks in <a href=\"https:\/\/laballade.de\/wordpress\/bibliothek\/geschriebenes\/leseprobe-liriel-die-weisse\/\">Liriel die Wei\u00dfe<\/a>, einige Jahrhunderte sp\u00e4ter spielt <a href=\"https:\/\/laballade.de\/wordpress\/bibliothek\/geschriebenes\/leseprobe-das-schwert-des-wilden-landes\/\">Das Schwert des Wilden Landes<\/a> in derselben Welt, aber ohne Orks \u2013 und Bernwold und seine Freunde k\u00f6nnen nicht ahnen, was ihrem Mondberg noch bevorsteht, wenn ich dazu komme, alles zu schreiben, was mir bis jetzt im Kopf herumschwirrt.<\/p>\n<p>Aber im Oktober geht es erst einmal in eine andere Welt, zu den Redenton, die in <a href=\"https:\/\/laballade.de\/wordpress\/bibliothek\/geschriebenes\/leseprobe-der-verbannte-auf-dem-eisernhof\/\">Der Verbannte auf dem Eisernhof<\/a> f\u00fcr Streit und hei\u00dfen Apfelwein sorgen. In diesem Abenteuer hatten Tris, Tov, Ag und Echse immer mal Gelegenheit, vom Krieg zu erz\u00e4hlen. Um diesen Krieg und vielleicht auch um die Rolle dieser vier Neulinge an der K\u00f6niglichen Kriegsakademie darin geht es in der geplanten Trilogie <i>Der Weg der sieben Sterne<\/i>. Der erste Teil, <i>Aus der Tiefe<\/i>, soll im Oktober erscheinen.<\/p>\n<p>Aber bis dahin werde ich mich wohl noch ein paarmal hier zu Wort melden.<\/p>\n","protected":false},"excerpt":{"rendered":"<p>\u201eMehr Lesestoff und immer wieder Neues\u201c g\u00e4be es auf laballade.de, steht auf meinen Flugis und in meinen B\u00fcchern hintendrin. Der Lesestoff findet sich hier. Bleibt noch die Frage: Was gibt es Neues? Musik In naher Zukunft erst mal etwas Musikalisches: Am n\u00e4chsten Sonntag h\u00e4lt Zimmermeister Manfred Riebel einen Vortrag zum Thema \u201eRichtfest \u2013 Nur ein [&hellip;]<\/p>\n","protected":false},"author":1,"featured_media":0,"comment_status":"open","ping_status":"open","sticky":false,"template":"","format":"standard","meta":{"footnotes":""},"categories":[8,20],"tags":[],"class_list":["post-6552","post","type-post","status-publish","format-standard","hentry","category-geschichten","category-musik"],"yoast_head":"<!-- This site is optimized with the Yoast SEO plugin v27.4 - https:\/\/yoast.com\/product\/yoast-seo-wordpress\/ -->\n<title>Was gibt es Neues? - La Ballade<\/title>\n<meta name=\"description\" content=\"Lesestoff und allerhand Neues in Sachen Geschichte(n) und Musik wird hier f\u00fcr die kommenden Monate angek\u00fcndigt.\" \/>\n<meta name=\"robots\" content=\"index, follow, max-snippet:-1, max-image-preview:large, max-video-preview:-1\" \/>\n<link rel=\"canonical\" href=\"https:\/\/laballade.de\/wordpress\/was-gibt-es-neues\/\" \/>\n<meta property=\"og:locale\" content=\"de_DE\" \/>\n<meta property=\"og:type\" content=\"article\" \/>\n<meta property=\"og:title\" content=\"Was gibt es Neues? - La Ballade\" \/>\n<meta property=\"og:description\" content=\"Lesestoff und allerhand Neues in Sachen Geschichte(n) und Musik wird hier f\u00fcr die kommenden Monate angek\u00fcndigt.\" \/>\n<meta property=\"og:url\" content=\"https:\/\/laballade.de\/wordpress\/was-gibt-es-neues\/\" \/>\n<meta property=\"og:site_name\" content=\"La Ballade\" \/>\n<meta property=\"article:published_time\" content=\"2026-04-26T08:00:46+00:00\" \/>\n<meta name=\"author\" content=\"Susanne\" \/>\n<meta name=\"twitter:card\" content=\"summary_large_image\" \/>\n<meta name=\"twitter:label1\" content=\"Verfasst von\" \/>\n\t<meta name=\"twitter:data1\" content=\"Susanne\" \/>\n\t<meta name=\"twitter:label2\" content=\"Gesch\u00e4tzte Lesezeit\" \/>\n\t<meta name=\"twitter:data2\" content=\"3\u00a0Minuten\" \/>\n<script type=\"application\/ld+json\" class=\"yoast-schema-graph\">{\"@context\":\"https:\\\/\\\/schema.org\",\"@graph\":[{\"@type\":\"Article\",\"@id\":\"https:\\\/\\\/laballade.de\\\/wordpress\\\/was-gibt-es-neues\\\/#article\",\"isPartOf\":{\"@id\":\"https:\\\/\\\/laballade.de\\\/wordpress\\\/was-gibt-es-neues\\\/\"},\"author\":{\"name\":\"Susanne\",\"@id\":\"https:\\\/\\\/laballade.de\\\/wordpress\\\/#\\\/schema\\\/person\\\/6fadccd64c10acbfe6c9d563789d29a1\"},\"headline\":\"Was gibt es Neues?\",\"datePublished\":\"2026-04-26T08:00:46+00:00\",\"mainEntityOfPage\":{\"@id\":\"https:\\\/\\\/laballade.de\\\/wordpress\\\/was-gibt-es-neues\\\/\"},\"wordCount\":545,\"commentCount\":0,\"publisher\":{\"@id\":\"https:\\\/\\\/laballade.de\\\/wordpress\\\/#\\\/schema\\\/person\\\/6fadccd64c10acbfe6c9d563789d29a1\"},\"articleSection\":[\"Geschichten\",\"Musik\"],\"inLanguage\":\"de\",\"potentialAction\":[{\"@type\":\"CommentAction\",\"name\":\"Comment\",\"target\":[\"https:\\\/\\\/laballade.de\\\/wordpress\\\/was-gibt-es-neues\\\/#respond\"]}]},{\"@type\":\"WebPage\",\"@id\":\"https:\\\/\\\/laballade.de\\\/wordpress\\\/was-gibt-es-neues\\\/\",\"url\":\"https:\\\/\\\/laballade.de\\\/wordpress\\\/was-gibt-es-neues\\\/\",\"name\":\"Was gibt es Neues? - La Ballade\",\"isPartOf\":{\"@id\":\"https:\\\/\\\/laballade.de\\\/wordpress\\\/#website\"},\"datePublished\":\"2026-04-26T08:00:46+00:00\",\"description\":\"Lesestoff und allerhand Neues in Sachen Geschichte(n) und Musik wird hier f\u00fcr die kommenden Monate angek\u00fcndigt.\",\"breadcrumb\":{\"@id\":\"https:\\\/\\\/laballade.de\\\/wordpress\\\/was-gibt-es-neues\\\/#breadcrumb\"},\"inLanguage\":\"de\",\"potentialAction\":[{\"@type\":\"ReadAction\",\"target\":[\"https:\\\/\\\/laballade.de\\\/wordpress\\\/was-gibt-es-neues\\\/\"]}]},{\"@type\":\"BreadcrumbList\",\"@id\":\"https:\\\/\\\/laballade.de\\\/wordpress\\\/was-gibt-es-neues\\\/#breadcrumb\",\"itemListElement\":[{\"@type\":\"ListItem\",\"position\":1,\"name\":\"Startseite\",\"item\":\"https:\\\/\\\/laballade.de\\\/wordpress\\\/\"},{\"@type\":\"ListItem\",\"position\":2,\"name\":\"Was gibt es Neues?\"}]},{\"@type\":\"WebSite\",\"@id\":\"https:\\\/\\\/laballade.de\\\/wordpress\\\/#website\",\"url\":\"https:\\\/\\\/laballade.de\\\/wordpress\\\/\",\"name\":\"La Ballade\",\"description\":\"Geschichten und Musik\",\"publisher\":{\"@id\":\"https:\\\/\\\/laballade.de\\\/wordpress\\\/#\\\/schema\\\/person\\\/6fadccd64c10acbfe6c9d563789d29a1\"},\"potentialAction\":[{\"@type\":\"SearchAction\",\"target\":{\"@type\":\"EntryPoint\",\"urlTemplate\":\"https:\\\/\\\/laballade.de\\\/wordpress\\\/?s={search_term_string}\"},\"query-input\":{\"@type\":\"PropertyValueSpecification\",\"valueRequired\":true,\"valueName\":\"search_term_string\"}}],\"inLanguage\":\"de\"},{\"@type\":[\"Person\",\"Organization\"],\"@id\":\"https:\\\/\\\/laballade.de\\\/wordpress\\\/#\\\/schema\\\/person\\\/6fadccd64c10acbfe6c9d563789d29a1\",\"name\":\"Susanne\",\"logo\":{\"@id\":\"https:\\\/\\\/laballade.de\\\/wordpress\\\/#\\\/schema\\\/person\\\/image\\\/\"},\"sameAs\":[\"https:\\\/\\\/www.laballade.de\"]}]}<\/script>\n<!-- \/ Yoast SEO plugin. -->","yoast_head_json":{"title":"Was gibt es Neues? - La Ballade","description":"Lesestoff und allerhand Neues in Sachen Geschichte(n) und Musik wird hier f\u00fcr die kommenden Monate angek\u00fcndigt.","robots":{"index":"index","follow":"follow","max-snippet":"max-snippet:-1","max-image-preview":"max-image-preview:large","max-video-preview":"max-video-preview:-1"},"canonical":"https:\/\/laballade.de\/wordpress\/was-gibt-es-neues\/","og_locale":"de_DE","og_type":"article","og_title":"Was gibt es Neues? - La Ballade","og_description":"Lesestoff und allerhand Neues in Sachen Geschichte(n) und Musik wird hier f\u00fcr die kommenden Monate angek\u00fcndigt.","og_url":"https:\/\/laballade.de\/wordpress\/was-gibt-es-neues\/","og_site_name":"La Ballade","article_published_time":"2026-04-26T08:00:46+00:00","author":"Susanne","twitter_card":"summary_large_image","twitter_misc":{"Verfasst von":"Susanne","Gesch\u00e4tzte Lesezeit":"3\u00a0Minuten"},"schema":{"@context":"https:\/\/schema.org","@graph":[{"@type":"Article","@id":"https:\/\/laballade.de\/wordpress\/was-gibt-es-neues\/#article","isPartOf":{"@id":"https:\/\/laballade.de\/wordpress\/was-gibt-es-neues\/"},"author":{"name":"Susanne","@id":"https:\/\/laballade.de\/wordpress\/#\/schema\/person\/6fadccd64c10acbfe6c9d563789d29a1"},"headline":"Was gibt es Neues?","datePublished":"2026-04-26T08:00:46+00:00","mainEntityOfPage":{"@id":"https:\/\/laballade.de\/wordpress\/was-gibt-es-neues\/"},"wordCount":545,"commentCount":0,"publisher":{"@id":"https:\/\/laballade.de\/wordpress\/#\/schema\/person\/6fadccd64c10acbfe6c9d563789d29a1"},"articleSection":["Geschichten","Musik"],"inLanguage":"de","potentialAction":[{"@type":"CommentAction","name":"Comment","target":["https:\/\/laballade.de\/wordpress\/was-gibt-es-neues\/#respond"]}]},{"@type":"WebPage","@id":"https:\/\/laballade.de\/wordpress\/was-gibt-es-neues\/","url":"https:\/\/laballade.de\/wordpress\/was-gibt-es-neues\/","name":"Was gibt es Neues? - La Ballade","isPartOf":{"@id":"https:\/\/laballade.de\/wordpress\/#website"},"datePublished":"2026-04-26T08:00:46+00:00","description":"Lesestoff und allerhand Neues in Sachen Geschichte(n) und Musik wird hier f\u00fcr die kommenden Monate angek\u00fcndigt.","breadcrumb":{"@id":"https:\/\/laballade.de\/wordpress\/was-gibt-es-neues\/#breadcrumb"},"inLanguage":"de","potentialAction":[{"@type":"ReadAction","target":["https:\/\/laballade.de\/wordpress\/was-gibt-es-neues\/"]}]},{"@type":"BreadcrumbList","@id":"https:\/\/laballade.de\/wordpress\/was-gibt-es-neues\/#breadcrumb","itemListElement":[{"@type":"ListItem","position":1,"name":"Startseite","item":"https:\/\/laballade.de\/wordpress\/"},{"@type":"ListItem","position":2,"name":"Was gibt es Neues?"}]},{"@type":"WebSite","@id":"https:\/\/laballade.de\/wordpress\/#website","url":"https:\/\/laballade.de\/wordpress\/","name":"La Ballade","description":"Geschichten und Musik","publisher":{"@id":"https:\/\/laballade.de\/wordpress\/#\/schema\/person\/6fadccd64c10acbfe6c9d563789d29a1"},"potentialAction":[{"@type":"SearchAction","target":{"@type":"EntryPoint","urlTemplate":"https:\/\/laballade.de\/wordpress\/?s={search_term_string}"},"query-input":{"@type":"PropertyValueSpecification","valueRequired":true,"valueName":"search_term_string"}}],"inLanguage":"de"},{"@type":["Person","Organization"],"@id":"https:\/\/laballade.de\/wordpress\/#\/schema\/person\/6fadccd64c10acbfe6c9d563789d29a1","name":"Susanne","logo":{"@id":"https:\/\/laballade.de\/wordpress\/#\/schema\/person\/image\/"},"sameAs":["https:\/\/www.laballade.de"]}]}},"_links":{"self":[{"href":"https:\/\/laballade.de\/wordpress\/wp-json\/wp\/v2\/posts\/6552","targetHints":{"allow":["GET"]}}],"collection":[{"href":"https:\/\/laballade.de\/wordpress\/wp-json\/wp\/v2\/posts"}],"about":[{"href":"https:\/\/laballade.de\/wordpress\/wp-json\/wp\/v2\/types\/post"}],"author":[{"embeddable":true,"href":"https:\/\/laballade.de\/wordpress\/wp-json\/wp\/v2\/users\/1"}],"replies":[{"embeddable":true,"href":"https:\/\/laballade.de\/wordpress\/wp-json\/wp\/v2\/comments?post=6552"}],"version-history":[{"count":2,"href":"https:\/\/laballade.de\/wordpress\/wp-json\/wp\/v2\/posts\/6552\/revisions"}],"predecessor-version":[{"id":6554,"href":"https:\/\/laballade.de\/wordpress\/wp-json\/wp\/v2\/posts\/6552\/revisions\/6554"}],"wp:attachment":[{"href":"https:\/\/laballade.de\/wordpress\/wp-json\/wp\/v2\/media?parent=6552"}],"wp:term":[{"taxonomy":"category","embeddable":true,"href":"https:\/\/laballade.de\/wordpress\/wp-json\/wp\/v2\/categories?post=6552"},{"taxonomy":"post_tag","embeddable":true,"href":"https:\/\/laballade.de\/wordpress\/wp-json\/wp\/v2\/tags?post=6552"}],"curies":[{"name":"wp","href":"https:\/\/api.w.org\/{rel}","templated":true}]}}