{"id":6523,"date":"2026-03-08T11:09:08","date_gmt":"2026-03-08T10:09:08","guid":{"rendered":"https:\/\/laballade.de\/wordpress\/?p=6523"},"modified":"2026-03-08T11:09:08","modified_gmt":"2026-03-08T10:09:08","slug":"phantastikprompts-8-maerz","status":"publish","type":"post","link":"https:\/\/laballade.de\/wordpress\/phantastikprompts-8-maerz\/","title":{"rendered":"#PhantastikPrompts 8. M\u00e4rz"},"content":{"rendered":"<p>Heute gibt es hier eine Antwort zu den #PhantastikPrompts aus dem Fediversum:\u00a08. M\u00e4rz \u2013 Heute ist feministischer Kampftag, auch bekannt als Weltfrauentag. Gibt es bei dir feministische Themen?<\/p>\n<p>Dazu brauch ich mehr als viermal so viele Zeichen, wie mir dort zur Verf\u00fcgung stehen, deshalb landet alles hier. (Bei <a href=\"https:\/\/hessen.social\/@SusanneBonn\/116193003009544855\">@SusanneBonn@hessen.social<\/a> ist noch was zu einer anderen Geschichte zu finden.)<\/p>\n<p>In gewissen Ecken des Internets wird Fantasy als feministisch wahrgenommen, wenn die Heldygruppe <i>fast<\/i> zur H\u00e4lfte aus Frauen besteht und noch ein paar namentlich benannte weibliche Figuren aktiv sind. So gesehen schreibe ich voll radikal feministisch. \u00c4hnliche Kommentare bekam ich allerdings auch schon in den 1980ern, als die Welt der #7Sterne erstmals in einem PBM-Rollenspiel auftauchte. Es gab eine Regierungschefin und weitere aktive Frauenfiguren.<\/p>\n<p>Damals habe ich mir in jugendlichem Leichtsinn eine bis zwei beinhart patriarchale Gesellschaften ans Bein gebunden. Weil ich dachte, die brauche ich, damit die Redenton umso toller leuchten und es etwas zum Revol\u00fctzen gibt.<\/p>\n<p>Inzwischen ist die Geschichte mit dem Titel \u00bbDer Weg der sieben Sterne\u00ab entstanden und gereift. Seit den Anf\u00e4ngen haben einige Frauenfiguren mehr Kompetenzen bzw. bessere Rollen bekommen.<\/p>\n<p>K\u00f6nigin Bendara landet nicht gegen ihren Willen im Kloster. Niola ist nicht mehr das Anh\u00e4ngsel eines Anh\u00e4ngsels, sondern die Frau mit den Profif\u00e4higkeiten, ohne die unsere Helden nie ans Ziel k\u00e4men. Es wird kein ungl\u00fccklich verliebtes Dienstm\u00e4dchen anstelle des Botschafters gemeuchelt. Bei Tom \u2013 der oben erw\u00e4hnten Regierungschefin \u2013 ist der besonders strahlende Lack inzwischen ab. Vielleicht ist sie doch ein bisschen machtgierig?<\/p>\n<p>Senna hatte ihren ersten Auftritt als tragische Schnellsterberin, damit Deyari sie erst befreien und dann dekorativ betrauern kann. Jetzt ist sie immerhin zur Schlumpfine aufgestiegen. Die Rolle liegt ihr gut und sie betreibt im Rahmen ihrer M\u00f6glichkeiten Frauenf\u00f6rderung. Im Grunde ist sie auf dem Weg, First Lady zu werden. Das wird so direkt, wie sie es gerne h\u00e4tte, nicht klappen, aber ich gehe davon aus, dass sie den richtigen Umweg findet.<\/p>\n<p>Der erste Teil der Sieben-Sterne-Saga soll im Oktober erscheinen. Wer sich bis dahin schon mal ein Bild von der redentischen Gesellschaft macht will, kann mit \u00bb<a href=\"https:\/\/laballade.de\/wordpress\/bibliothek\/geschriebenes\/leseprobe-der-verbannte-auf-dem-eisernhof\/\">Der Verbannte auf dem Eisernhof<\/a>\u00ab anfangen.<\/p>\n","protected":false},"excerpt":{"rendered":"<p>Heute gibt es hier eine Antwort zu den #PhantastikPrompts aus dem Fediversum:\u00a08. M\u00e4rz \u2013 Heute ist feministischer Kampftag, auch bekannt als Weltfrauentag. Gibt es bei dir feministische Themen? Dazu brauch ich mehr als viermal so viele Zeichen, wie mir dort zur Verf\u00fcgung stehen, deshalb landet alles hier. (Bei @SusanneBonn@hessen.social ist noch was zu einer anderen [&hellip;]<\/p>\n","protected":false},"author":1,"featured_media":0,"comment_status":"open","ping_status":"open","sticky":false,"template":"","format":"standard","meta":{"footnotes":""},"categories":[8],"tags":[92,28],"class_list":["post-6523","post","type-post","status-publish","format-standard","hentry","category-geschichten","tag-fantasy","tag-roman"],"yoast_head":"<!-- This site is optimized with the Yoast SEO plugin v27.4 - https:\/\/yoast.com\/product\/yoast-seo-wordpress\/ -->\n<title>#PhantastikPrompts 8. M\u00e4rz - La Ballade<\/title>\n<meta name=\"description\" content=\"Antwort auf #PhantastikPrompts 8. M\u00e4rz: Heute ist feministischer Kampftag, auch bekannt als Weltfrauentag. Gibt es bei dir feministische Themen?\" \/>\n<meta name=\"robots\" content=\"index, follow, max-snippet:-1, max-image-preview:large, max-video-preview:-1\" \/>\n<link rel=\"canonical\" href=\"https:\/\/laballade.de\/wordpress\/phantastikprompts-8-maerz\/\" \/>\n<meta property=\"og:locale\" content=\"de_DE\" \/>\n<meta property=\"og:type\" content=\"article\" \/>\n<meta property=\"og:title\" content=\"#PhantastikPrompts 8. M\u00e4rz - La Ballade\" \/>\n<meta property=\"og:description\" content=\"Antwort auf #PhantastikPrompts 8. M\u00e4rz: Heute ist feministischer Kampftag, auch bekannt als Weltfrauentag. Gibt es bei dir feministische Themen?\" \/>\n<meta property=\"og:url\" content=\"https:\/\/laballade.de\/wordpress\/phantastikprompts-8-maerz\/\" \/>\n<meta property=\"og:site_name\" content=\"La Ballade\" \/>\n<meta property=\"article:published_time\" content=\"2026-03-08T10:09:08+00:00\" \/>\n<meta name=\"author\" content=\"Susanne\" \/>\n<meta name=\"twitter:card\" content=\"summary_large_image\" \/>\n<meta name=\"twitter:label1\" content=\"Verfasst von\" \/>\n\t<meta name=\"twitter:data1\" content=\"Susanne\" \/>\n\t<meta name=\"twitter:label2\" content=\"Gesch\u00e4tzte Lesezeit\" \/>\n\t<meta name=\"twitter:data2\" content=\"2\u00a0Minuten\" \/>\n<script type=\"application\/ld+json\" class=\"yoast-schema-graph\">{\"@context\":\"https:\\\/\\\/schema.org\",\"@graph\":[{\"@type\":\"Article\",\"@id\":\"https:\\\/\\\/laballade.de\\\/wordpress\\\/phantastikprompts-8-maerz\\\/#article\",\"isPartOf\":{\"@id\":\"https:\\\/\\\/laballade.de\\\/wordpress\\\/phantastikprompts-8-maerz\\\/\"},\"author\":{\"name\":\"Susanne\",\"@id\":\"https:\\\/\\\/laballade.de\\\/wordpress\\\/#\\\/schema\\\/person\\\/6fadccd64c10acbfe6c9d563789d29a1\"},\"headline\":\"#PhantastikPrompts 8. M\u00e4rz\",\"datePublished\":\"2026-03-08T10:09:08+00:00\",\"mainEntityOfPage\":{\"@id\":\"https:\\\/\\\/laballade.de\\\/wordpress\\\/phantastikprompts-8-maerz\\\/\"},\"wordCount\":366,\"commentCount\":0,\"publisher\":{\"@id\":\"https:\\\/\\\/laballade.de\\\/wordpress\\\/#\\\/schema\\\/person\\\/6fadccd64c10acbfe6c9d563789d29a1\"},\"keywords\":[\"Fantasy\",\"Roman\"],\"articleSection\":[\"Geschichten\"],\"inLanguage\":\"de\",\"potentialAction\":[{\"@type\":\"CommentAction\",\"name\":\"Comment\",\"target\":[\"https:\\\/\\\/laballade.de\\\/wordpress\\\/phantastikprompts-8-maerz\\\/#respond\"]}]},{\"@type\":\"WebPage\",\"@id\":\"https:\\\/\\\/laballade.de\\\/wordpress\\\/phantastikprompts-8-maerz\\\/\",\"url\":\"https:\\\/\\\/laballade.de\\\/wordpress\\\/phantastikprompts-8-maerz\\\/\",\"name\":\"#PhantastikPrompts 8. M\u00e4rz - La Ballade\",\"isPartOf\":{\"@id\":\"https:\\\/\\\/laballade.de\\\/wordpress\\\/#website\"},\"datePublished\":\"2026-03-08T10:09:08+00:00\",\"description\":\"Antwort auf #PhantastikPrompts 8. M\u00e4rz: Heute ist feministischer Kampftag, auch bekannt als Weltfrauentag. Gibt es bei dir feministische Themen?\",\"breadcrumb\":{\"@id\":\"https:\\\/\\\/laballade.de\\\/wordpress\\\/phantastikprompts-8-maerz\\\/#breadcrumb\"},\"inLanguage\":\"de\",\"potentialAction\":[{\"@type\":\"ReadAction\",\"target\":[\"https:\\\/\\\/laballade.de\\\/wordpress\\\/phantastikprompts-8-maerz\\\/\"]}]},{\"@type\":\"BreadcrumbList\",\"@id\":\"https:\\\/\\\/laballade.de\\\/wordpress\\\/phantastikprompts-8-maerz\\\/#breadcrumb\",\"itemListElement\":[{\"@type\":\"ListItem\",\"position\":1,\"name\":\"Startseite\",\"item\":\"https:\\\/\\\/laballade.de\\\/wordpress\\\/\"},{\"@type\":\"ListItem\",\"position\":2,\"name\":\"#PhantastikPrompts 8. M\u00e4rz\"}]},{\"@type\":\"WebSite\",\"@id\":\"https:\\\/\\\/laballade.de\\\/wordpress\\\/#website\",\"url\":\"https:\\\/\\\/laballade.de\\\/wordpress\\\/\",\"name\":\"La Ballade\",\"description\":\"Geschichten und Musik\",\"publisher\":{\"@id\":\"https:\\\/\\\/laballade.de\\\/wordpress\\\/#\\\/schema\\\/person\\\/6fadccd64c10acbfe6c9d563789d29a1\"},\"potentialAction\":[{\"@type\":\"SearchAction\",\"target\":{\"@type\":\"EntryPoint\",\"urlTemplate\":\"https:\\\/\\\/laballade.de\\\/wordpress\\\/?s={search_term_string}\"},\"query-input\":{\"@type\":\"PropertyValueSpecification\",\"valueRequired\":true,\"valueName\":\"search_term_string\"}}],\"inLanguage\":\"de\"},{\"@type\":[\"Person\",\"Organization\"],\"@id\":\"https:\\\/\\\/laballade.de\\\/wordpress\\\/#\\\/schema\\\/person\\\/6fadccd64c10acbfe6c9d563789d29a1\",\"name\":\"Susanne\",\"logo\":{\"@id\":\"https:\\\/\\\/laballade.de\\\/wordpress\\\/#\\\/schema\\\/person\\\/image\\\/\"},\"sameAs\":[\"https:\\\/\\\/www.laballade.de\"]}]}<\/script>\n<!-- \/ Yoast SEO plugin. -->","yoast_head_json":{"title":"#PhantastikPrompts 8. M\u00e4rz - La Ballade","description":"Antwort auf #PhantastikPrompts 8. M\u00e4rz: Heute ist feministischer Kampftag, auch bekannt als Weltfrauentag. Gibt es bei dir feministische Themen?","robots":{"index":"index","follow":"follow","max-snippet":"max-snippet:-1","max-image-preview":"max-image-preview:large","max-video-preview":"max-video-preview:-1"},"canonical":"https:\/\/laballade.de\/wordpress\/phantastikprompts-8-maerz\/","og_locale":"de_DE","og_type":"article","og_title":"#PhantastikPrompts 8. M\u00e4rz - La Ballade","og_description":"Antwort auf #PhantastikPrompts 8. M\u00e4rz: Heute ist feministischer Kampftag, auch bekannt als Weltfrauentag. Gibt es bei dir feministische Themen?","og_url":"https:\/\/laballade.de\/wordpress\/phantastikprompts-8-maerz\/","og_site_name":"La Ballade","article_published_time":"2026-03-08T10:09:08+00:00","author":"Susanne","twitter_card":"summary_large_image","twitter_misc":{"Verfasst von":"Susanne","Gesch\u00e4tzte Lesezeit":"2\u00a0Minuten"},"schema":{"@context":"https:\/\/schema.org","@graph":[{"@type":"Article","@id":"https:\/\/laballade.de\/wordpress\/phantastikprompts-8-maerz\/#article","isPartOf":{"@id":"https:\/\/laballade.de\/wordpress\/phantastikprompts-8-maerz\/"},"author":{"name":"Susanne","@id":"https:\/\/laballade.de\/wordpress\/#\/schema\/person\/6fadccd64c10acbfe6c9d563789d29a1"},"headline":"#PhantastikPrompts 8. M\u00e4rz","datePublished":"2026-03-08T10:09:08+00:00","mainEntityOfPage":{"@id":"https:\/\/laballade.de\/wordpress\/phantastikprompts-8-maerz\/"},"wordCount":366,"commentCount":0,"publisher":{"@id":"https:\/\/laballade.de\/wordpress\/#\/schema\/person\/6fadccd64c10acbfe6c9d563789d29a1"},"keywords":["Fantasy","Roman"],"articleSection":["Geschichten"],"inLanguage":"de","potentialAction":[{"@type":"CommentAction","name":"Comment","target":["https:\/\/laballade.de\/wordpress\/phantastikprompts-8-maerz\/#respond"]}]},{"@type":"WebPage","@id":"https:\/\/laballade.de\/wordpress\/phantastikprompts-8-maerz\/","url":"https:\/\/laballade.de\/wordpress\/phantastikprompts-8-maerz\/","name":"#PhantastikPrompts 8. M\u00e4rz - La Ballade","isPartOf":{"@id":"https:\/\/laballade.de\/wordpress\/#website"},"datePublished":"2026-03-08T10:09:08+00:00","description":"Antwort auf #PhantastikPrompts 8. M\u00e4rz: Heute ist feministischer Kampftag, auch bekannt als Weltfrauentag. Gibt es bei dir feministische Themen?","breadcrumb":{"@id":"https:\/\/laballade.de\/wordpress\/phantastikprompts-8-maerz\/#breadcrumb"},"inLanguage":"de","potentialAction":[{"@type":"ReadAction","target":["https:\/\/laballade.de\/wordpress\/phantastikprompts-8-maerz\/"]}]},{"@type":"BreadcrumbList","@id":"https:\/\/laballade.de\/wordpress\/phantastikprompts-8-maerz\/#breadcrumb","itemListElement":[{"@type":"ListItem","position":1,"name":"Startseite","item":"https:\/\/laballade.de\/wordpress\/"},{"@type":"ListItem","position":2,"name":"#PhantastikPrompts 8. M\u00e4rz"}]},{"@type":"WebSite","@id":"https:\/\/laballade.de\/wordpress\/#website","url":"https:\/\/laballade.de\/wordpress\/","name":"La Ballade","description":"Geschichten und Musik","publisher":{"@id":"https:\/\/laballade.de\/wordpress\/#\/schema\/person\/6fadccd64c10acbfe6c9d563789d29a1"},"potentialAction":[{"@type":"SearchAction","target":{"@type":"EntryPoint","urlTemplate":"https:\/\/laballade.de\/wordpress\/?s={search_term_string}"},"query-input":{"@type":"PropertyValueSpecification","valueRequired":true,"valueName":"search_term_string"}}],"inLanguage":"de"},{"@type":["Person","Organization"],"@id":"https:\/\/laballade.de\/wordpress\/#\/schema\/person\/6fadccd64c10acbfe6c9d563789d29a1","name":"Susanne","logo":{"@id":"https:\/\/laballade.de\/wordpress\/#\/schema\/person\/image\/"},"sameAs":["https:\/\/www.laballade.de"]}]}},"_links":{"self":[{"href":"https:\/\/laballade.de\/wordpress\/wp-json\/wp\/v2\/posts\/6523","targetHints":{"allow":["GET"]}}],"collection":[{"href":"https:\/\/laballade.de\/wordpress\/wp-json\/wp\/v2\/posts"}],"about":[{"href":"https:\/\/laballade.de\/wordpress\/wp-json\/wp\/v2\/types\/post"}],"author":[{"embeddable":true,"href":"https:\/\/laballade.de\/wordpress\/wp-json\/wp\/v2\/users\/1"}],"replies":[{"embeddable":true,"href":"https:\/\/laballade.de\/wordpress\/wp-json\/wp\/v2\/comments?post=6523"}],"version-history":[{"count":4,"href":"https:\/\/laballade.de\/wordpress\/wp-json\/wp\/v2\/posts\/6523\/revisions"}],"predecessor-version":[{"id":6530,"href":"https:\/\/laballade.de\/wordpress\/wp-json\/wp\/v2\/posts\/6523\/revisions\/6530"}],"wp:attachment":[{"href":"https:\/\/laballade.de\/wordpress\/wp-json\/wp\/v2\/media?parent=6523"}],"wp:term":[{"taxonomy":"category","embeddable":true,"href":"https:\/\/laballade.de\/wordpress\/wp-json\/wp\/v2\/categories?post=6523"},{"taxonomy":"post_tag","embeddable":true,"href":"https:\/\/laballade.de\/wordpress\/wp-json\/wp\/v2\/tags?post=6523"}],"curies":[{"name":"wp","href":"https:\/\/api.w.org\/{rel}","templated":true}]}}