{"id":6485,"date":"2026-02-20T13:11:17","date_gmt":"2026-02-20T12:11:17","guid":{"rendered":"https:\/\/laballade.de\/wordpress\/?p=6485"},"modified":"2026-02-20T13:14:52","modified_gmt":"2026-02-20T12:14:52","slug":"vorbestellaktionen-und-ein-interview","status":"publish","type":"post","link":"https:\/\/laballade.de\/wordpress\/vorbestellaktionen-und-ein-interview\/","title":{"rendered":"Vorbestellaktionen und ein Interview"},"content":{"rendered":"<h3>Interview<\/h3>\n<p>Vor nicht allzu langer Zeit habe ich Ben vom Podcast DailyKlappentext ein Interview gegeben. Es ging ums Schreiben und Kuriosit\u00e4ten aus der \u00dcbersetzungswerkstatt. Wer knapp eine Stunde Zeit hat, kann sich die Sache <a href=\"https:\/\/dailyklappentext.letscast.fm\/episode\/folge-373-im-gespraech-mit-susanne-bonn-interview\">hier<\/a> anh\u00f6ren. Dabei zeigt sich recht schnell, dass es dort noch viele andere spannende Dinge zu entdecken gibt. Jeden Tag frisch \u2013 wie der Name vermuten l\u00e4sst \u2013 werden B\u00fccher, H\u00f6rspiele und die Leute dahinter vorgestellt.<\/p>\n<h3>Vorbestellungen<\/h3>\n<p><img loading=\"lazy\" decoding=\"async\" class=\"alignleft size-medium wp-image-6493\" src=\"https:\/\/laballade.de\/wordpress\/wp-content\/uploads\/2026\/02\/Susanne-Bonn-Schnecke-1-300x158.jpg\" alt=\"Collage aus drei Bildern im Querformat.\nCover: Kleine Helden Kurzgeschichten. Eine Figur im gr\u00fcnen Kapuzenmantel reitet auf einem Eichh\u00f6rnchen, das eine Nuss knabbert.\ndahinter Innenillustration: Eine Figur mit langem lila Zopf unterh\u00e4lt sich mit einer Schnecke mit Satteltaschen und Zaumzeug\ndahinter, weitgehend verdeckt, Textseite mit dem Titel &quot;Schneckenpost&quot;\" width=\"300\" height=\"158\" srcset=\"https:\/\/laballade.de\/wordpress\/wp-content\/uploads\/2026\/02\/Susanne-Bonn-Schnecke-1-300x158.jpg 300w, https:\/\/laballade.de\/wordpress\/wp-content\/uploads\/2026\/02\/Susanne-Bonn-Schnecke-1-1024x538.jpg 1024w, https:\/\/laballade.de\/wordpress\/wp-content\/uploads\/2026\/02\/Susanne-Bonn-Schnecke-1-768x403.jpg 768w, https:\/\/laballade.de\/wordpress\/wp-content\/uploads\/2026\/02\/Susanne-Bonn-Schnecke-1-900x473.jpg 900w, https:\/\/laballade.de\/wordpress\/wp-content\/uploads\/2026\/02\/Susanne-Bonn-Schnecke-1.jpg 1200w\" sizes=\"auto, (max-width: 300px) 100vw, 300px\" \/>Vor etwas l\u00e4ngerer Zeit habe ich mich an einer Ausschreibung der Kleinen Helden beteiligt und mit einigem Haareraufen eine Geschichte von ganzen 2500 Anschl\u00e4gen eingereicht. Jetzt ist das Buch fertig. Darin stecken noch viele andere Geschichten, z. B. von Linda Budinger oder Thomas Finn, und nicht zu vergessen die gloriosen Zeichnungen der kleinen Helden und ihrer Reittiere. Die Vorbestellung l\u00e4uft bis Ende M\u00e4rz im <a href=\"https:\/\/kleine-helden.de\/produkt\/kleine-helden-kurzgeschichten\/\">Shop<\/a> der Kleinen Helden. Bei mehr Vorbestellungen gibt es auch mehr Goodies dazu, und so eine H\u00f6rbuchversion h\u00e4tte schon was.<\/p>\n<p>Eine Geschichte mit fast zehnmal so vielen Anschl\u00e4gen und einem Musikst\u00fcck kann jetzt ebenfalls vorbestellt werden: Mein M\u00e4rchen-Abenteuer <em>Blaumeise Sturzflug<\/em> mit tapferem Schneiderlein, reichlich Whisky und Ukulele ist in den E-Book-Shops des Vertrauens zu haben. Hier ein Beispiel-Link zu <a href=\"https:\/\/schlapp.buchhandlung.de\/shop\/article\/57933634\/susanne_bonn_blaumeise_sturzflug.html\">H. L. Schlapp<\/a>, wie gewohnt. F\u00fcr Zeilen aus dem Pinguinlied danke ich <a href=\"https:\/\/aha-musik.de\/\">Andrea Hartenfeller<\/a> und f\u00fcr das Foto, das Grundlage des Covers wurde, danke ich <a href=\"https:\/\/linksta.cc\/@waddle\">Stephan Jourdan<\/a>.<\/p>\n","protected":false},"excerpt":{"rendered":"<p>Interview Vor nicht allzu langer Zeit habe ich Ben vom Podcast DailyKlappentext ein Interview gegeben. Es ging ums Schreiben und Kuriosit\u00e4ten aus der \u00dcbersetzungswerkstatt. Wer knapp eine Stunde Zeit hat, kann sich die Sache hier anh\u00f6ren. Dabei zeigt sich recht schnell, dass es dort noch viele andere spannende Dinge zu entdecken gibt. Jeden Tag frisch [&hellip;]<\/p>\n","protected":false},"author":1,"featured_media":0,"comment_status":"open","ping_status":"open","sticky":false,"template":"","format":"standard","meta":{"footnotes":""},"categories":[8],"tags":[92,224,11,164],"class_list":["post-6485","post","type-post","status-publish","format-standard","hentry","category-geschichten","tag-fantasy","tag-interview","tag-kurzgeschichten","tag-maerchen"],"yoast_head":"<!-- This site is optimized with the Yoast SEO plugin v27.4 - https:\/\/yoast.com\/product\/yoast-seo-wordpress\/ -->\n<title>Vorbestellaktionen und ein Interview - La Ballade<\/title>\n<meta name=\"description\" content=\"Hinweis auf ein Interview bei DailyKlappentext und Vorbestellaktionen f\u00fcr Kleine Helden Kurzgeschichten und Blaumeise Sturzflug\" \/>\n<meta name=\"robots\" content=\"index, follow, max-snippet:-1, max-image-preview:large, max-video-preview:-1\" \/>\n<link rel=\"canonical\" href=\"https:\/\/laballade.de\/wordpress\/vorbestellaktionen-und-ein-interview\/\" \/>\n<meta property=\"og:locale\" content=\"de_DE\" \/>\n<meta property=\"og:type\" content=\"article\" \/>\n<meta property=\"og:title\" content=\"Vorbestellaktionen und ein Interview - La Ballade\" \/>\n<meta property=\"og:description\" content=\"Hinweis auf ein Interview bei DailyKlappentext und Vorbestellaktionen f\u00fcr Kleine Helden Kurzgeschichten und Blaumeise Sturzflug\" \/>\n<meta property=\"og:url\" content=\"https:\/\/laballade.de\/wordpress\/vorbestellaktionen-und-ein-interview\/\" \/>\n<meta property=\"og:site_name\" content=\"La Ballade\" \/>\n<meta property=\"article:published_time\" content=\"2026-02-20T12:11:17+00:00\" \/>\n<meta property=\"article:modified_time\" content=\"2026-02-20T12:14:52+00:00\" \/>\n<meta property=\"og:image\" content=\"https:\/\/laballade.de\/wordpress\/wp-content\/uploads\/2026\/02\/Susanne-Bonn-Schnecke-1-300x158.jpg\" \/>\n<meta name=\"author\" content=\"Susanne\" \/>\n<meta name=\"twitter:card\" content=\"summary_large_image\" \/>\n<meta name=\"twitter:label1\" content=\"Verfasst von\" \/>\n\t<meta name=\"twitter:data1\" content=\"Susanne\" \/>\n\t<meta name=\"twitter:label2\" content=\"Gesch\u00e4tzte Lesezeit\" \/>\n\t<meta name=\"twitter:data2\" content=\"2\u00a0Minuten\" \/>\n<script type=\"application\/ld+json\" class=\"yoast-schema-graph\">{\"@context\":\"https:\\\/\\\/schema.org\",\"@graph\":[{\"@type\":\"Article\",\"@id\":\"https:\\\/\\\/laballade.de\\\/wordpress\\\/vorbestellaktionen-und-ein-interview\\\/#article\",\"isPartOf\":{\"@id\":\"https:\\\/\\\/laballade.de\\\/wordpress\\\/vorbestellaktionen-und-ein-interview\\\/\"},\"author\":{\"name\":\"Susanne\",\"@id\":\"https:\\\/\\\/laballade.de\\\/wordpress\\\/#\\\/schema\\\/person\\\/6fadccd64c10acbfe6c9d563789d29a1\"},\"headline\":\"Vorbestellaktionen und ein Interview\",\"datePublished\":\"2026-02-20T12:11:17+00:00\",\"dateModified\":\"2026-02-20T12:14:52+00:00\",\"mainEntityOfPage\":{\"@id\":\"https:\\\/\\\/laballade.de\\\/wordpress\\\/vorbestellaktionen-und-ein-interview\\\/\"},\"wordCount\":238,\"commentCount\":0,\"publisher\":{\"@id\":\"https:\\\/\\\/laballade.de\\\/wordpress\\\/#\\\/schema\\\/person\\\/6fadccd64c10acbfe6c9d563789d29a1\"},\"image\":{\"@id\":\"https:\\\/\\\/laballade.de\\\/wordpress\\\/vorbestellaktionen-und-ein-interview\\\/#primaryimage\"},\"thumbnailUrl\":\"https:\\\/\\\/laballade.de\\\/wordpress\\\/wp-content\\\/uploads\\\/2026\\\/02\\\/Susanne-Bonn-Schnecke-1-300x158.jpg\",\"keywords\":[\"Fantasy\",\"Interview\",\"Kurzgeschichten\",\"M\u00e4rchen\"],\"articleSection\":[\"Geschichten\"],\"inLanguage\":\"de\",\"potentialAction\":[{\"@type\":\"CommentAction\",\"name\":\"Comment\",\"target\":[\"https:\\\/\\\/laballade.de\\\/wordpress\\\/vorbestellaktionen-und-ein-interview\\\/#respond\"]}]},{\"@type\":\"WebPage\",\"@id\":\"https:\\\/\\\/laballade.de\\\/wordpress\\\/vorbestellaktionen-und-ein-interview\\\/\",\"url\":\"https:\\\/\\\/laballade.de\\\/wordpress\\\/vorbestellaktionen-und-ein-interview\\\/\",\"name\":\"Vorbestellaktionen und ein Interview - La Ballade\",\"isPartOf\":{\"@id\":\"https:\\\/\\\/laballade.de\\\/wordpress\\\/#website\"},\"primaryImageOfPage\":{\"@id\":\"https:\\\/\\\/laballade.de\\\/wordpress\\\/vorbestellaktionen-und-ein-interview\\\/#primaryimage\"},\"image\":{\"@id\":\"https:\\\/\\\/laballade.de\\\/wordpress\\\/vorbestellaktionen-und-ein-interview\\\/#primaryimage\"},\"thumbnailUrl\":\"https:\\\/\\\/laballade.de\\\/wordpress\\\/wp-content\\\/uploads\\\/2026\\\/02\\\/Susanne-Bonn-Schnecke-1-300x158.jpg\",\"datePublished\":\"2026-02-20T12:11:17+00:00\",\"dateModified\":\"2026-02-20T12:14:52+00:00\",\"description\":\"Hinweis auf ein Interview bei DailyKlappentext und Vorbestellaktionen f\u00fcr Kleine Helden Kurzgeschichten und Blaumeise Sturzflug\",\"breadcrumb\":{\"@id\":\"https:\\\/\\\/laballade.de\\\/wordpress\\\/vorbestellaktionen-und-ein-interview\\\/#breadcrumb\"},\"inLanguage\":\"de\",\"potentialAction\":[{\"@type\":\"ReadAction\",\"target\":[\"https:\\\/\\\/laballade.de\\\/wordpress\\\/vorbestellaktionen-und-ein-interview\\\/\"]}]},{\"@type\":\"ImageObject\",\"inLanguage\":\"de\",\"@id\":\"https:\\\/\\\/laballade.de\\\/wordpress\\\/vorbestellaktionen-und-ein-interview\\\/#primaryimage\",\"url\":\"https:\\\/\\\/laballade.de\\\/wordpress\\\/wp-content\\\/uploads\\\/2026\\\/02\\\/Susanne-Bonn-Schnecke-1.jpg\",\"contentUrl\":\"https:\\\/\\\/laballade.de\\\/wordpress\\\/wp-content\\\/uploads\\\/2026\\\/02\\\/Susanne-Bonn-Schnecke-1.jpg\",\"width\":1200,\"height\":630,\"caption\":\"Collage aus drei Bildern im Querformat. Cover: Kleine Helden Kurzgeschichten. Eine Figur im gr\u00fcnen Kapuzenmantel reitet auf einem Eichh\u00f6rnchen, das eine Nuss knabbert. dahinter Innenillustration: Eine Figur mit langem lila Zopf unterh\u00e4lt sich mit einer Schnecke mit Satteltaschen und Zaumzeug dahinter, weitgehend verdeckt, Textseite mit dem Titel \\\"Schneckenpost\\\"\"},{\"@type\":\"BreadcrumbList\",\"@id\":\"https:\\\/\\\/laballade.de\\\/wordpress\\\/vorbestellaktionen-und-ein-interview\\\/#breadcrumb\",\"itemListElement\":[{\"@type\":\"ListItem\",\"position\":1,\"name\":\"Startseite\",\"item\":\"https:\\\/\\\/laballade.de\\\/wordpress\\\/\"},{\"@type\":\"ListItem\",\"position\":2,\"name\":\"Vorbestellaktionen und ein Interview\"}]},{\"@type\":\"WebSite\",\"@id\":\"https:\\\/\\\/laballade.de\\\/wordpress\\\/#website\",\"url\":\"https:\\\/\\\/laballade.de\\\/wordpress\\\/\",\"name\":\"La Ballade\",\"description\":\"Geschichten und Musik\",\"publisher\":{\"@id\":\"https:\\\/\\\/laballade.de\\\/wordpress\\\/#\\\/schema\\\/person\\\/6fadccd64c10acbfe6c9d563789d29a1\"},\"potentialAction\":[{\"@type\":\"SearchAction\",\"target\":{\"@type\":\"EntryPoint\",\"urlTemplate\":\"https:\\\/\\\/laballade.de\\\/wordpress\\\/?s={search_term_string}\"},\"query-input\":{\"@type\":\"PropertyValueSpecification\",\"valueRequired\":true,\"valueName\":\"search_term_string\"}}],\"inLanguage\":\"de\"},{\"@type\":[\"Person\",\"Organization\"],\"@id\":\"https:\\\/\\\/laballade.de\\\/wordpress\\\/#\\\/schema\\\/person\\\/6fadccd64c10acbfe6c9d563789d29a1\",\"name\":\"Susanne\",\"logo\":{\"@id\":\"https:\\\/\\\/laballade.de\\\/wordpress\\\/#\\\/schema\\\/person\\\/image\\\/\"},\"sameAs\":[\"https:\\\/\\\/www.laballade.de\"]}]}<\/script>\n<!-- \/ Yoast SEO plugin. -->","yoast_head_json":{"title":"Vorbestellaktionen und ein Interview - La Ballade","description":"Hinweis auf ein Interview bei DailyKlappentext und Vorbestellaktionen f\u00fcr Kleine Helden Kurzgeschichten und Blaumeise Sturzflug","robots":{"index":"index","follow":"follow","max-snippet":"max-snippet:-1","max-image-preview":"max-image-preview:large","max-video-preview":"max-video-preview:-1"},"canonical":"https:\/\/laballade.de\/wordpress\/vorbestellaktionen-und-ein-interview\/","og_locale":"de_DE","og_type":"article","og_title":"Vorbestellaktionen und ein Interview - La Ballade","og_description":"Hinweis auf ein Interview bei DailyKlappentext und Vorbestellaktionen f\u00fcr Kleine Helden Kurzgeschichten und Blaumeise Sturzflug","og_url":"https:\/\/laballade.de\/wordpress\/vorbestellaktionen-und-ein-interview\/","og_site_name":"La Ballade","article_published_time":"2026-02-20T12:11:17+00:00","article_modified_time":"2026-02-20T12:14:52+00:00","og_image":[{"url":"https:\/\/laballade.de\/wordpress\/wp-content\/uploads\/2026\/02\/Susanne-Bonn-Schnecke-1-300x158.jpg","type":"","width":"","height":""}],"author":"Susanne","twitter_card":"summary_large_image","twitter_misc":{"Verfasst von":"Susanne","Gesch\u00e4tzte Lesezeit":"2\u00a0Minuten"},"schema":{"@context":"https:\/\/schema.org","@graph":[{"@type":"Article","@id":"https:\/\/laballade.de\/wordpress\/vorbestellaktionen-und-ein-interview\/#article","isPartOf":{"@id":"https:\/\/laballade.de\/wordpress\/vorbestellaktionen-und-ein-interview\/"},"author":{"name":"Susanne","@id":"https:\/\/laballade.de\/wordpress\/#\/schema\/person\/6fadccd64c10acbfe6c9d563789d29a1"},"headline":"Vorbestellaktionen und ein Interview","datePublished":"2026-02-20T12:11:17+00:00","dateModified":"2026-02-20T12:14:52+00:00","mainEntityOfPage":{"@id":"https:\/\/laballade.de\/wordpress\/vorbestellaktionen-und-ein-interview\/"},"wordCount":238,"commentCount":0,"publisher":{"@id":"https:\/\/laballade.de\/wordpress\/#\/schema\/person\/6fadccd64c10acbfe6c9d563789d29a1"},"image":{"@id":"https:\/\/laballade.de\/wordpress\/vorbestellaktionen-und-ein-interview\/#primaryimage"},"thumbnailUrl":"https:\/\/laballade.de\/wordpress\/wp-content\/uploads\/2026\/02\/Susanne-Bonn-Schnecke-1-300x158.jpg","keywords":["Fantasy","Interview","Kurzgeschichten","M\u00e4rchen"],"articleSection":["Geschichten"],"inLanguage":"de","potentialAction":[{"@type":"CommentAction","name":"Comment","target":["https:\/\/laballade.de\/wordpress\/vorbestellaktionen-und-ein-interview\/#respond"]}]},{"@type":"WebPage","@id":"https:\/\/laballade.de\/wordpress\/vorbestellaktionen-und-ein-interview\/","url":"https:\/\/laballade.de\/wordpress\/vorbestellaktionen-und-ein-interview\/","name":"Vorbestellaktionen und ein Interview - La Ballade","isPartOf":{"@id":"https:\/\/laballade.de\/wordpress\/#website"},"primaryImageOfPage":{"@id":"https:\/\/laballade.de\/wordpress\/vorbestellaktionen-und-ein-interview\/#primaryimage"},"image":{"@id":"https:\/\/laballade.de\/wordpress\/vorbestellaktionen-und-ein-interview\/#primaryimage"},"thumbnailUrl":"https:\/\/laballade.de\/wordpress\/wp-content\/uploads\/2026\/02\/Susanne-Bonn-Schnecke-1-300x158.jpg","datePublished":"2026-02-20T12:11:17+00:00","dateModified":"2026-02-20T12:14:52+00:00","description":"Hinweis auf ein Interview bei DailyKlappentext und Vorbestellaktionen f\u00fcr Kleine Helden Kurzgeschichten und Blaumeise Sturzflug","breadcrumb":{"@id":"https:\/\/laballade.de\/wordpress\/vorbestellaktionen-und-ein-interview\/#breadcrumb"},"inLanguage":"de","potentialAction":[{"@type":"ReadAction","target":["https:\/\/laballade.de\/wordpress\/vorbestellaktionen-und-ein-interview\/"]}]},{"@type":"ImageObject","inLanguage":"de","@id":"https:\/\/laballade.de\/wordpress\/vorbestellaktionen-und-ein-interview\/#primaryimage","url":"https:\/\/laballade.de\/wordpress\/wp-content\/uploads\/2026\/02\/Susanne-Bonn-Schnecke-1.jpg","contentUrl":"https:\/\/laballade.de\/wordpress\/wp-content\/uploads\/2026\/02\/Susanne-Bonn-Schnecke-1.jpg","width":1200,"height":630,"caption":"Collage aus drei Bildern im Querformat. Cover: Kleine Helden Kurzgeschichten. Eine Figur im gr\u00fcnen Kapuzenmantel reitet auf einem Eichh\u00f6rnchen, das eine Nuss knabbert. dahinter Innenillustration: Eine Figur mit langem lila Zopf unterh\u00e4lt sich mit einer Schnecke mit Satteltaschen und Zaumzeug dahinter, weitgehend verdeckt, Textseite mit dem Titel \"Schneckenpost\""},{"@type":"BreadcrumbList","@id":"https:\/\/laballade.de\/wordpress\/vorbestellaktionen-und-ein-interview\/#breadcrumb","itemListElement":[{"@type":"ListItem","position":1,"name":"Startseite","item":"https:\/\/laballade.de\/wordpress\/"},{"@type":"ListItem","position":2,"name":"Vorbestellaktionen und ein Interview"}]},{"@type":"WebSite","@id":"https:\/\/laballade.de\/wordpress\/#website","url":"https:\/\/laballade.de\/wordpress\/","name":"La Ballade","description":"Geschichten und Musik","publisher":{"@id":"https:\/\/laballade.de\/wordpress\/#\/schema\/person\/6fadccd64c10acbfe6c9d563789d29a1"},"potentialAction":[{"@type":"SearchAction","target":{"@type":"EntryPoint","urlTemplate":"https:\/\/laballade.de\/wordpress\/?s={search_term_string}"},"query-input":{"@type":"PropertyValueSpecification","valueRequired":true,"valueName":"search_term_string"}}],"inLanguage":"de"},{"@type":["Person","Organization"],"@id":"https:\/\/laballade.de\/wordpress\/#\/schema\/person\/6fadccd64c10acbfe6c9d563789d29a1","name":"Susanne","logo":{"@id":"https:\/\/laballade.de\/wordpress\/#\/schema\/person\/image\/"},"sameAs":["https:\/\/www.laballade.de"]}]}},"_links":{"self":[{"href":"https:\/\/laballade.de\/wordpress\/wp-json\/wp\/v2\/posts\/6485","targetHints":{"allow":["GET"]}}],"collection":[{"href":"https:\/\/laballade.de\/wordpress\/wp-json\/wp\/v2\/posts"}],"about":[{"href":"https:\/\/laballade.de\/wordpress\/wp-json\/wp\/v2\/types\/post"}],"author":[{"embeddable":true,"href":"https:\/\/laballade.de\/wordpress\/wp-json\/wp\/v2\/users\/1"}],"replies":[{"embeddable":true,"href":"https:\/\/laballade.de\/wordpress\/wp-json\/wp\/v2\/comments?post=6485"}],"version-history":[{"count":6,"href":"https:\/\/laballade.de\/wordpress\/wp-json\/wp\/v2\/posts\/6485\/revisions"}],"predecessor-version":[{"id":6495,"href":"https:\/\/laballade.de\/wordpress\/wp-json\/wp\/v2\/posts\/6485\/revisions\/6495"}],"wp:attachment":[{"href":"https:\/\/laballade.de\/wordpress\/wp-json\/wp\/v2\/media?parent=6485"}],"wp:term":[{"taxonomy":"category","embeddable":true,"href":"https:\/\/laballade.de\/wordpress\/wp-json\/wp\/v2\/categories?post=6485"},{"taxonomy":"post_tag","embeddable":true,"href":"https:\/\/laballade.de\/wordpress\/wp-json\/wp\/v2\/tags?post=6485"}],"curies":[{"name":"wp","href":"https:\/\/api.w.org\/{rel}","templated":true}]}}