{"id":6346,"date":"2025-12-06T11:48:00","date_gmt":"2025-12-06T10:48:00","guid":{"rendered":"https:\/\/laballade.de\/wordpress\/?p=6346"},"modified":"2025-12-06T11:50:22","modified_gmt":"2025-12-06T10:50:22","slug":"backen-ohne-eier-und-schmalz","status":"publish","type":"post","link":"https:\/\/laballade.de\/wordpress\/backen-ohne-eier-und-schmalz\/","title":{"rendered":"Backen ohne Eier und Schmalz"},"content":{"rendered":"<p><img loading=\"lazy\" decoding=\"async\" class=\"alignleft size-medium wp-image-6345\" src=\"https:\/\/laballade.de\/wordpress\/wp-content\/uploads\/2025\/12\/IMG_20251206_100717_9-scaled-e1765012511980-231x300.jpg\" alt=\"Buchcover: Katarina Cermelj, The Elements of Baking - Wie du jedes Rezept glutenfrei, ohne Milch, ohne Eier oder vegan zubereiten kannst, AT Verlag\" width=\"231\" height=\"300\" srcset=\"https:\/\/laballade.de\/wordpress\/wp-content\/uploads\/2025\/12\/IMG_20251206_100717_9-scaled-e1765012511980-231x300.jpg 231w, https:\/\/laballade.de\/wordpress\/wp-content\/uploads\/2025\/12\/IMG_20251206_100717_9-scaled-e1765012511980-788x1024.jpg 788w, https:\/\/laballade.de\/wordpress\/wp-content\/uploads\/2025\/12\/IMG_20251206_100717_9-scaled-e1765012511980-768x998.jpg 768w, https:\/\/laballade.de\/wordpress\/wp-content\/uploads\/2025\/12\/IMG_20251206_100717_9-scaled-e1765012511980-1182x1536.jpg 1182w, https:\/\/laballade.de\/wordpress\/wp-content\/uploads\/2025\/12\/IMG_20251206_100717_9-scaled-e1765012511980-900x1170.jpg 900w, https:\/\/laballade.de\/wordpress\/wp-content\/uploads\/2025\/12\/IMG_20251206_100717_9-scaled-e1765012511980-1280x1664.jpg 1280w, https:\/\/laballade.de\/wordpress\/wp-content\/uploads\/2025\/12\/IMG_20251206_100717_9-scaled-e1765012511980.jpg 1441w\" sizes=\"auto, (max-width: 231px) 100vw, 231px\" \/>Der letzte Eintrag hier ist schon bald nicht mehr wahr. Es wird also h\u00f6chste Zeit f\u00fcr ein Update. Inzwischen sind hier wieder einmal Belegexemplare eingetroffen. Wer beim Backen mit \u00bbEier und Schmalz &#8230; Milch und Mehl\u00ab auf Probleme st\u00f6\u00dft, findet in <a href=\"https:\/\/shop.autorenwelt.de\/products\/the-elements-of-baking-von-katarina-cermelj\"><i>The Elements of Baking<\/i><\/a> von Katarina Cermelj eine Menge gut erkl\u00e4rter Alternativen. F\u00fcr Unerschrockene sind Anleitungen vorhanden, um das geniale Pl\u00e4tzchenrezept aus Omas handgeschriebener Sammlung an aktuelle Erfordernisse anzupassen. Insbesondere die Sache mit den Eiern wird ausf\u00fchrlich behandelt. Safran darf dann immer noch den Kuchen gehl machen.<\/p>\n<p>Ebenfalls frisch erschienen ist <a href=\"https:\/\/www.amazon.de\/Waldl%C3%A4uferehre-Weg-Waldl%C3%A4ufers-Buch-20-ebook\/dp\/B0FDL92RC6\"><i>Waldl\u00e4uferehre<\/i><\/a>, Band 20 der Waldl\u00e4ufer-Saga von Pedro Urvi. Sieht von Weitem wie das Ende der Reihe aus, aber das Abenteuer geht weiter. Mit zwei Epilogen und zwei neuen Serien ist genug Lesestoff f\u00fcr diesen Winter vorhanden.<\/p>\n<p>November hie\u00df f\u00fcr mich die letzten zwanzig Jahre NaNoWriMo. Die offizielle Website gibt es nicht mehr, die Veranstaltung lebt weiter, in verschiedenen Zusammenh\u00e4ngen unter verschiedenen Namen. Also habe ich auch dieses Jahr wieder mitgemacht und mehr als 50.000 W\u00f6rter geschrieben, an einem Roman, der mir schon seit Jahrzehnten im Kopf herumspukt und viele andere Ideen an sich gezogen hat. <em>Der Verbannte auf dem Eisernhof<\/em> spielt etwa zehn Jahre sp\u00e4ter, ungef\u00e4hr in der gleichen Gegend. Geplant ist, die neue Geschichte oder jedenfalls ihren ersten Teil, im Oktober zu ver\u00f6ffentlichen. Damit es bis dahin nicht langweilig wird, sind noch zwei Neuerscheinungen f\u00fcr Februar bzw. Juni vorgesehen.<\/p>\n<p>Aber vorerst verabschiede ich mich in die Weihnachtszeit, spiele \u00bbSinget fr\u00f6hlich im Advent\u00ab auf dem Klavier und \u00bbO du fr\u00f6hliche\u00ab auf dem Organetto und \u00fcberlege mir, was demn\u00e4chst zu kochen und zu backen ist.<\/p>\n","protected":false},"excerpt":{"rendered":"<p>Der letzte Eintrag hier ist schon bald nicht mehr wahr. Es wird also h\u00f6chste Zeit f\u00fcr ein Update. Inzwischen sind hier wieder einmal Belegexemplare eingetroffen. Wer beim Backen mit \u00bbEier und Schmalz &#8230; Milch und Mehl\u00ab auf Probleme st\u00f6\u00dft, findet in The Elements of Baking von Katarina Cermelj eine Menge gut erkl\u00e4rter Alternativen. F\u00fcr Unerschrockene [&hellip;]<\/p>\n","protected":false},"author":1,"featured_media":0,"comment_status":"open","ping_status":"open","sticky":false,"template":"","format":"standard","meta":{"footnotes":""},"categories":[5,91],"tags":[134,92,6,24,88,28,25],"class_list":["post-6346","post","type-post","status-publish","format-standard","hentry","category-echtes-essen","category-uebersetzen","tag-backen","tag-fantasy","tag-kochbuecher","tag-nanowrimo","tag-neuerscheinung","tag-roman","tag-spanisch"],"yoast_head":"<!-- This site is optimized with the Yoast SEO plugin v27.4 - https:\/\/yoast.com\/product\/yoast-seo-wordpress\/ -->\n<title>Backen ohne Eier und Schmalz - La Ballade<\/title>\n<meta name=\"description\" content=\"Backen ohne Eier und Schmalz mit \u00bbThe Elements of Baking\u00ab von Katarina Cermelj, Hinweise auf noch mehr Lesestoff\" \/>\n<meta name=\"robots\" content=\"index, follow, max-snippet:-1, max-image-preview:large, max-video-preview:-1\" \/>\n<link rel=\"canonical\" href=\"https:\/\/laballade.de\/wordpress\/backen-ohne-eier-und-schmalz\/\" \/>\n<meta property=\"og:locale\" content=\"de_DE\" \/>\n<meta property=\"og:type\" content=\"article\" \/>\n<meta property=\"og:title\" content=\"Backen ohne Eier und Schmalz - La Ballade\" \/>\n<meta property=\"og:description\" content=\"Backen ohne Eier und Schmalz mit \u00bbThe Elements of Baking\u00ab von Katarina Cermelj, Hinweise auf noch mehr Lesestoff\" \/>\n<meta property=\"og:url\" content=\"https:\/\/laballade.de\/wordpress\/backen-ohne-eier-und-schmalz\/\" \/>\n<meta property=\"og:site_name\" content=\"La Ballade\" \/>\n<meta property=\"article:published_time\" content=\"2025-12-06T10:48:00+00:00\" \/>\n<meta property=\"article:modified_time\" content=\"2025-12-06T10:50:22+00:00\" \/>\n<meta property=\"og:image\" content=\"https:\/\/laballade.de\/wordpress\/wp-content\/uploads\/2025\/12\/IMG_20251206_100717_9-scaled-e1765012511980-231x300.jpg\" \/>\n<meta name=\"author\" content=\"Susanne\" \/>\n<meta name=\"twitter:card\" content=\"summary_large_image\" \/>\n<meta name=\"twitter:label1\" content=\"Verfasst von\" \/>\n\t<meta name=\"twitter:data1\" content=\"Susanne\" \/>\n\t<meta name=\"twitter:label2\" content=\"Gesch\u00e4tzte Lesezeit\" \/>\n\t<meta name=\"twitter:data2\" content=\"2\u00a0Minuten\" \/>\n<script type=\"application\/ld+json\" class=\"yoast-schema-graph\">{\"@context\":\"https:\\\/\\\/schema.org\",\"@graph\":[{\"@type\":\"Article\",\"@id\":\"https:\\\/\\\/laballade.de\\\/wordpress\\\/backen-ohne-eier-und-schmalz\\\/#article\",\"isPartOf\":{\"@id\":\"https:\\\/\\\/laballade.de\\\/wordpress\\\/backen-ohne-eier-und-schmalz\\\/\"},\"author\":{\"name\":\"Susanne\",\"@id\":\"https:\\\/\\\/laballade.de\\\/wordpress\\\/#\\\/schema\\\/person\\\/6fadccd64c10acbfe6c9d563789d29a1\"},\"headline\":\"Backen ohne Eier und Schmalz\",\"datePublished\":\"2025-12-06T10:48:00+00:00\",\"dateModified\":\"2025-12-06T10:50:22+00:00\",\"mainEntityOfPage\":{\"@id\":\"https:\\\/\\\/laballade.de\\\/wordpress\\\/backen-ohne-eier-und-schmalz\\\/\"},\"wordCount\":288,\"commentCount\":0,\"publisher\":{\"@id\":\"https:\\\/\\\/laballade.de\\\/wordpress\\\/#\\\/schema\\\/person\\\/6fadccd64c10acbfe6c9d563789d29a1\"},\"image\":{\"@id\":\"https:\\\/\\\/laballade.de\\\/wordpress\\\/backen-ohne-eier-und-schmalz\\\/#primaryimage\"},\"thumbnailUrl\":\"https:\\\/\\\/laballade.de\\\/wordpress\\\/wp-content\\\/uploads\\\/2025\\\/12\\\/IMG_20251206_100717_9-scaled-e1765012511980-231x300.jpg\",\"keywords\":[\"Backen\",\"Fantasy\",\"Kochb\u00fccher\",\"NaNoWriMo\",\"Neuerscheinung\",\"Roman\",\"Spanisch\"],\"articleSection\":[\"Echtes Essen\",\"\u00dcbersetzen\"],\"inLanguage\":\"de\",\"potentialAction\":[{\"@type\":\"CommentAction\",\"name\":\"Comment\",\"target\":[\"https:\\\/\\\/laballade.de\\\/wordpress\\\/backen-ohne-eier-und-schmalz\\\/#respond\"]}]},{\"@type\":\"WebPage\",\"@id\":\"https:\\\/\\\/laballade.de\\\/wordpress\\\/backen-ohne-eier-und-schmalz\\\/\",\"url\":\"https:\\\/\\\/laballade.de\\\/wordpress\\\/backen-ohne-eier-und-schmalz\\\/\",\"name\":\"Backen ohne Eier und Schmalz - La Ballade\",\"isPartOf\":{\"@id\":\"https:\\\/\\\/laballade.de\\\/wordpress\\\/#website\"},\"primaryImageOfPage\":{\"@id\":\"https:\\\/\\\/laballade.de\\\/wordpress\\\/backen-ohne-eier-und-schmalz\\\/#primaryimage\"},\"image\":{\"@id\":\"https:\\\/\\\/laballade.de\\\/wordpress\\\/backen-ohne-eier-und-schmalz\\\/#primaryimage\"},\"thumbnailUrl\":\"https:\\\/\\\/laballade.de\\\/wordpress\\\/wp-content\\\/uploads\\\/2025\\\/12\\\/IMG_20251206_100717_9-scaled-e1765012511980-231x300.jpg\",\"datePublished\":\"2025-12-06T10:48:00+00:00\",\"dateModified\":\"2025-12-06T10:50:22+00:00\",\"description\":\"Backen ohne Eier und Schmalz mit \u00bbThe Elements of Baking\u00ab von Katarina Cermelj, Hinweise auf noch mehr Lesestoff\",\"breadcrumb\":{\"@id\":\"https:\\\/\\\/laballade.de\\\/wordpress\\\/backen-ohne-eier-und-schmalz\\\/#breadcrumb\"},\"inLanguage\":\"de\",\"potentialAction\":[{\"@type\":\"ReadAction\",\"target\":[\"https:\\\/\\\/laballade.de\\\/wordpress\\\/backen-ohne-eier-und-schmalz\\\/\"]}]},{\"@type\":\"ImageObject\",\"inLanguage\":\"de\",\"@id\":\"https:\\\/\\\/laballade.de\\\/wordpress\\\/backen-ohne-eier-und-schmalz\\\/#primaryimage\",\"url\":\"https:\\\/\\\/laballade.de\\\/wordpress\\\/wp-content\\\/uploads\\\/2025\\\/12\\\/IMG_20251206_100717_9-scaled-e1765012511980.jpg\",\"contentUrl\":\"https:\\\/\\\/laballade.de\\\/wordpress\\\/wp-content\\\/uploads\\\/2025\\\/12\\\/IMG_20251206_100717_9-scaled-e1765012511980.jpg\",\"width\":1441,\"height\":1873,\"caption\":\"Buchcover: Katarina Cermelj, The Elements of Baking - Wie du jedes Rezept glutenfrei, ohne Milch, ohne Eier oder vegan zubereiten kannst, AT Verlag\"},{\"@type\":\"BreadcrumbList\",\"@id\":\"https:\\\/\\\/laballade.de\\\/wordpress\\\/backen-ohne-eier-und-schmalz\\\/#breadcrumb\",\"itemListElement\":[{\"@type\":\"ListItem\",\"position\":1,\"name\":\"Startseite\",\"item\":\"https:\\\/\\\/laballade.de\\\/wordpress\\\/\"},{\"@type\":\"ListItem\",\"position\":2,\"name\":\"Backen ohne Eier und Schmalz\"}]},{\"@type\":\"WebSite\",\"@id\":\"https:\\\/\\\/laballade.de\\\/wordpress\\\/#website\",\"url\":\"https:\\\/\\\/laballade.de\\\/wordpress\\\/\",\"name\":\"La Ballade\",\"description\":\"Geschichten und Musik\",\"publisher\":{\"@id\":\"https:\\\/\\\/laballade.de\\\/wordpress\\\/#\\\/schema\\\/person\\\/6fadccd64c10acbfe6c9d563789d29a1\"},\"potentialAction\":[{\"@type\":\"SearchAction\",\"target\":{\"@type\":\"EntryPoint\",\"urlTemplate\":\"https:\\\/\\\/laballade.de\\\/wordpress\\\/?s={search_term_string}\"},\"query-input\":{\"@type\":\"PropertyValueSpecification\",\"valueRequired\":true,\"valueName\":\"search_term_string\"}}],\"inLanguage\":\"de\"},{\"@type\":[\"Person\",\"Organization\"],\"@id\":\"https:\\\/\\\/laballade.de\\\/wordpress\\\/#\\\/schema\\\/person\\\/6fadccd64c10acbfe6c9d563789d29a1\",\"name\":\"Susanne\",\"logo\":{\"@id\":\"https:\\\/\\\/laballade.de\\\/wordpress\\\/#\\\/schema\\\/person\\\/image\\\/\"},\"sameAs\":[\"https:\\\/\\\/www.laballade.de\"]}]}<\/script>\n<!-- \/ Yoast SEO plugin. -->","yoast_head_json":{"title":"Backen ohne Eier und Schmalz - La Ballade","description":"Backen ohne Eier und Schmalz mit \u00bbThe Elements of Baking\u00ab von Katarina Cermelj, Hinweise auf noch mehr Lesestoff","robots":{"index":"index","follow":"follow","max-snippet":"max-snippet:-1","max-image-preview":"max-image-preview:large","max-video-preview":"max-video-preview:-1"},"canonical":"https:\/\/laballade.de\/wordpress\/backen-ohne-eier-und-schmalz\/","og_locale":"de_DE","og_type":"article","og_title":"Backen ohne Eier und Schmalz - La Ballade","og_description":"Backen ohne Eier und Schmalz mit \u00bbThe Elements of Baking\u00ab von Katarina Cermelj, Hinweise auf noch mehr Lesestoff","og_url":"https:\/\/laballade.de\/wordpress\/backen-ohne-eier-und-schmalz\/","og_site_name":"La Ballade","article_published_time":"2025-12-06T10:48:00+00:00","article_modified_time":"2025-12-06T10:50:22+00:00","og_image":[{"url":"https:\/\/laballade.de\/wordpress\/wp-content\/uploads\/2025\/12\/IMG_20251206_100717_9-scaled-e1765012511980-231x300.jpg","type":"","width":"","height":""}],"author":"Susanne","twitter_card":"summary_large_image","twitter_misc":{"Verfasst von":"Susanne","Gesch\u00e4tzte Lesezeit":"2\u00a0Minuten"},"schema":{"@context":"https:\/\/schema.org","@graph":[{"@type":"Article","@id":"https:\/\/laballade.de\/wordpress\/backen-ohne-eier-und-schmalz\/#article","isPartOf":{"@id":"https:\/\/laballade.de\/wordpress\/backen-ohne-eier-und-schmalz\/"},"author":{"name":"Susanne","@id":"https:\/\/laballade.de\/wordpress\/#\/schema\/person\/6fadccd64c10acbfe6c9d563789d29a1"},"headline":"Backen ohne Eier und Schmalz","datePublished":"2025-12-06T10:48:00+00:00","dateModified":"2025-12-06T10:50:22+00:00","mainEntityOfPage":{"@id":"https:\/\/laballade.de\/wordpress\/backen-ohne-eier-und-schmalz\/"},"wordCount":288,"commentCount":0,"publisher":{"@id":"https:\/\/laballade.de\/wordpress\/#\/schema\/person\/6fadccd64c10acbfe6c9d563789d29a1"},"image":{"@id":"https:\/\/laballade.de\/wordpress\/backen-ohne-eier-und-schmalz\/#primaryimage"},"thumbnailUrl":"https:\/\/laballade.de\/wordpress\/wp-content\/uploads\/2025\/12\/IMG_20251206_100717_9-scaled-e1765012511980-231x300.jpg","keywords":["Backen","Fantasy","Kochb\u00fccher","NaNoWriMo","Neuerscheinung","Roman","Spanisch"],"articleSection":["Echtes Essen","\u00dcbersetzen"],"inLanguage":"de","potentialAction":[{"@type":"CommentAction","name":"Comment","target":["https:\/\/laballade.de\/wordpress\/backen-ohne-eier-und-schmalz\/#respond"]}]},{"@type":"WebPage","@id":"https:\/\/laballade.de\/wordpress\/backen-ohne-eier-und-schmalz\/","url":"https:\/\/laballade.de\/wordpress\/backen-ohne-eier-und-schmalz\/","name":"Backen ohne Eier und Schmalz - La Ballade","isPartOf":{"@id":"https:\/\/laballade.de\/wordpress\/#website"},"primaryImageOfPage":{"@id":"https:\/\/laballade.de\/wordpress\/backen-ohne-eier-und-schmalz\/#primaryimage"},"image":{"@id":"https:\/\/laballade.de\/wordpress\/backen-ohne-eier-und-schmalz\/#primaryimage"},"thumbnailUrl":"https:\/\/laballade.de\/wordpress\/wp-content\/uploads\/2025\/12\/IMG_20251206_100717_9-scaled-e1765012511980-231x300.jpg","datePublished":"2025-12-06T10:48:00+00:00","dateModified":"2025-12-06T10:50:22+00:00","description":"Backen ohne Eier und Schmalz mit \u00bbThe Elements of Baking\u00ab von Katarina Cermelj, Hinweise auf noch mehr Lesestoff","breadcrumb":{"@id":"https:\/\/laballade.de\/wordpress\/backen-ohne-eier-und-schmalz\/#breadcrumb"},"inLanguage":"de","potentialAction":[{"@type":"ReadAction","target":["https:\/\/laballade.de\/wordpress\/backen-ohne-eier-und-schmalz\/"]}]},{"@type":"ImageObject","inLanguage":"de","@id":"https:\/\/laballade.de\/wordpress\/backen-ohne-eier-und-schmalz\/#primaryimage","url":"https:\/\/laballade.de\/wordpress\/wp-content\/uploads\/2025\/12\/IMG_20251206_100717_9-scaled-e1765012511980.jpg","contentUrl":"https:\/\/laballade.de\/wordpress\/wp-content\/uploads\/2025\/12\/IMG_20251206_100717_9-scaled-e1765012511980.jpg","width":1441,"height":1873,"caption":"Buchcover: Katarina Cermelj, The Elements of Baking - Wie du jedes Rezept glutenfrei, ohne Milch, ohne Eier oder vegan zubereiten kannst, AT Verlag"},{"@type":"BreadcrumbList","@id":"https:\/\/laballade.de\/wordpress\/backen-ohne-eier-und-schmalz\/#breadcrumb","itemListElement":[{"@type":"ListItem","position":1,"name":"Startseite","item":"https:\/\/laballade.de\/wordpress\/"},{"@type":"ListItem","position":2,"name":"Backen ohne Eier und Schmalz"}]},{"@type":"WebSite","@id":"https:\/\/laballade.de\/wordpress\/#website","url":"https:\/\/laballade.de\/wordpress\/","name":"La Ballade","description":"Geschichten und Musik","publisher":{"@id":"https:\/\/laballade.de\/wordpress\/#\/schema\/person\/6fadccd64c10acbfe6c9d563789d29a1"},"potentialAction":[{"@type":"SearchAction","target":{"@type":"EntryPoint","urlTemplate":"https:\/\/laballade.de\/wordpress\/?s={search_term_string}"},"query-input":{"@type":"PropertyValueSpecification","valueRequired":true,"valueName":"search_term_string"}}],"inLanguage":"de"},{"@type":["Person","Organization"],"@id":"https:\/\/laballade.de\/wordpress\/#\/schema\/person\/6fadccd64c10acbfe6c9d563789d29a1","name":"Susanne","logo":{"@id":"https:\/\/laballade.de\/wordpress\/#\/schema\/person\/image\/"},"sameAs":["https:\/\/www.laballade.de"]}]}},"_links":{"self":[{"href":"https:\/\/laballade.de\/wordpress\/wp-json\/wp\/v2\/posts\/6346","targetHints":{"allow":["GET"]}}],"collection":[{"href":"https:\/\/laballade.de\/wordpress\/wp-json\/wp\/v2\/posts"}],"about":[{"href":"https:\/\/laballade.de\/wordpress\/wp-json\/wp\/v2\/types\/post"}],"author":[{"embeddable":true,"href":"https:\/\/laballade.de\/wordpress\/wp-json\/wp\/v2\/users\/1"}],"replies":[{"embeddable":true,"href":"https:\/\/laballade.de\/wordpress\/wp-json\/wp\/v2\/comments?post=6346"}],"version-history":[{"count":4,"href":"https:\/\/laballade.de\/wordpress\/wp-json\/wp\/v2\/posts\/6346\/revisions"}],"predecessor-version":[{"id":6353,"href":"https:\/\/laballade.de\/wordpress\/wp-json\/wp\/v2\/posts\/6346\/revisions\/6353"}],"wp:attachment":[{"href":"https:\/\/laballade.de\/wordpress\/wp-json\/wp\/v2\/media?parent=6346"}],"wp:term":[{"taxonomy":"category","embeddable":true,"href":"https:\/\/laballade.de\/wordpress\/wp-json\/wp\/v2\/categories?post=6346"},{"taxonomy":"post_tag","embeddable":true,"href":"https:\/\/laballade.de\/wordpress\/wp-json\/wp\/v2\/tags?post=6346"}],"curies":[{"name":"wp","href":"https:\/\/api.w.org\/{rel}","templated":true}]}}