{"id":6323,"date":"2025-09-30T20:06:21","date_gmt":"2025-09-30T18:06:21","guid":{"rendered":"https:\/\/laballade.de\/wordpress\/?p=6323"},"modified":"2025-10-17T11:12:59","modified_gmt":"2025-10-17T09:12:59","slug":"neuerscheinung-der-verbannte-auf-dem-eisernhof","status":"publish","type":"post","link":"https:\/\/laballade.de\/wordpress\/neuerscheinung-der-verbannte-auf-dem-eisernhof\/","title":{"rendered":"Neuerscheinung \u2013 Der Verbannte auf dem Eisernhof"},"content":{"rendered":"<p><img loading=\"lazy\" decoding=\"async\" class=\"alignleft size-medium wp-image-6321\" src=\"https:\/\/laballade.de\/wordpress\/wp-content\/uploads\/2025\/09\/Meni-Cover-Ebook-fertig-188x300.jpg\" alt=\"Buchcover \u00bbDer Verbannte auf dem Eisernhof\u00ab\" width=\"188\" height=\"300\" \/>Wie geplant ist heute mein neuer Roman erschienen, <a href=\"https:\/\/schlapp.buchhandlung.de\/shop\/article\/57012791\/susanne_bonn_der_verbannte_auf_dem_eisernhof.html\"><em>Der Verbannte auf dem Eisernhof<\/em><\/a> (jetzt auch <a href=\"https:\/\/www.epubli.com\/shop\/der-verbannte-auf-dem-eisernhof-9783565056651\">gedruckt)<\/a>, ein Cozy Fantasy-Abenteuer mit kleinen bunten Drachen, klingenden Schellen und eiskaltem Bergsee.<\/p>\n<p>Ich habe bisher noch nicht allzu viel davon erz\u00e4hlt, aber vielleicht hat ja jemand im <a href=\"https:\/\/hessen.social\/home\">Fediversum<\/a> den Hashtag #PhantastikPrompts bzw. #Meni verfolgt. Hier jedenfalls der Klappentext:<\/p>\n<p>Endlich sind sie wieder zusammen: Seit ihrer Ausbildung an der K\u00f6niglichen Kriegsakademie haben Tris, Tov, Ag und Echse etliche Abenteuer erlebt, bis sie getrennte Wege gingen. Nun treffen sie sich nach Jahren voller Erfahrungen und Ver\u00e4nderungen wieder. Ein Grund zum Feiern, wie sie finden.<\/p>\n<p>Doch Ag bringt mit seinen politischen Ambitionen alles durcheinander. Ein alter Konflikt um die Zauberei lodert auf. Es gibt Verletzte und gar einen Toten, Geister f\u00fchren die Lebenden auf Abwege. Und was hat der junge Gaukler damit zu tun, der als Verbannter auf dem Eisernhof festsitzt?<\/p>\n<p>Die vier Freunde schieben das Feiern auf und suchen nach einer L\u00f6sung, denn nur mit Apfelwein und guten Worten wird sich die Ruhe in ihrem Dorf in den Bergen nicht wiederherstellen lassen.<\/p>\n<p>Das obenstehende Coverbild verdanke ich zu gro\u00dfen Teilen einem K\u00fcnstler aus Pakistan. Da ich keine Website von ihm gefunden habe, hier ein Link zu <a href=\"https:\/\/www.instagram.com\/qaiserislam537\/\">Instagram<\/a>.<\/p>\n<h3>Rezept<\/h3>\n<p>Wer sich ein wenig einstimmen m\u00f6chte, findet <a href=\"https:\/\/laballade.de\/wordpress\/bibliothek\/geschriebenes\/leseprobe-der-verbannte-auf-dem-eisernhof\/\">hier<\/a> eine Leseprobe. Dazu passt der unten stehende Nachtisch, wie er beim Festessen im Ordenshaus f\u00fcr Banngesang auf dem Tisch stehen k\u00f6nnte. Die Zubereitung ist problemlos ohne den Zauber <i>K\u00fcchenlied<\/i> m\u00f6glich.<\/p>\n<p><b>Ziegenfrischk\u00e4se mit Apfel und N\u00fcssen<\/b><\/p>\n<ul>\n<li>20 g Rosinen<\/li>\n<li>4 EL Mirabellenbrand<\/li>\n<li>30 g Waln\u00fcsse (ohne Schale gewogen)<\/li>\n<li>1 Apfel, ca. 120 g<\/li>\n<li>2 EL aromatischer, cremiger Honig<\/li>\n<li>150 g Ziegenfrischk\u00e4se<\/li>\n<li>Zimt nach Geschmack<\/li>\n<\/ul>\n<p>Die Rosinen im Mirabellenbrand einweichen. Ca. 1 Stunde stehen lassen.<\/p>\n<p>Die N\u00fcsse knacken und zerkr\u00fcmeln.<\/p>\n<p>Den Apfel sch\u00e4len und das Kernhaus entfernen. Fruchtfleisch fein hacken.<\/p>\n<p>Die Rosinen abgie\u00dfen, dann N\u00fcsse und Apfel untermischen.<\/p>\n<p>Honig und Ziegenk\u00e4se einr\u00fchren.<\/p>\n<p>Kalt stellen.<\/p>\n","protected":false},"excerpt":{"rendered":"<p>Wie geplant ist heute mein neuer Roman erschienen, Der Verbannte auf dem Eisernhof (jetzt auch gedruckt), ein Cozy Fantasy-Abenteuer mit kleinen bunten Drachen, klingenden Schellen und eiskaltem Bergsee. Ich habe bisher noch nicht allzu viel davon erz\u00e4hlt, aber vielleicht hat ja jemand im Fediversum den Hashtag #PhantastikPrompts bzw. #Meni verfolgt. Hier jedenfalls der Klappentext: Endlich [&hellip;]<\/p>\n","protected":false},"author":1,"featured_media":0,"comment_status":"open","ping_status":"open","sticky":false,"template":"","format":"standard","meta":{"footnotes":""},"categories":[5,8],"tags":[222,92,17,28],"class_list":["post-6323","post","type-post","status-publish","format-standard","hentry","category-echtes-essen","category-geschichten","tag-drachen","tag-fantasy","tag-kochen","tag-roman"],"yoast_head":"<!-- This site is optimized with the Yoast SEO plugin v27.4 - https:\/\/yoast.com\/product\/yoast-seo-wordpress\/ -->\n<title>Neuerscheinung \u2013 Der Verbannte auf dem Eisernhof - La Ballade<\/title>\n<meta name=\"description\" content=\"Der Verbannte auf dem Eisernhof \u2013 Cozy Fantasy-Abenteuer mit kleinen bunten Drachen, klingenden Schellen und eiskaltem Bergsee\" \/>\n<meta name=\"robots\" content=\"index, follow, max-snippet:-1, max-image-preview:large, max-video-preview:-1\" \/>\n<link rel=\"canonical\" href=\"https:\/\/laballade.de\/wordpress\/neuerscheinung-der-verbannte-auf-dem-eisernhof\/\" \/>\n<meta property=\"og:locale\" content=\"de_DE\" \/>\n<meta property=\"og:type\" content=\"article\" \/>\n<meta property=\"og:title\" content=\"Neuerscheinung \u2013 Der Verbannte auf dem Eisernhof - La Ballade\" \/>\n<meta property=\"og:description\" content=\"Der Verbannte auf dem Eisernhof \u2013 Cozy Fantasy-Abenteuer mit kleinen bunten Drachen, klingenden Schellen und eiskaltem Bergsee\" \/>\n<meta property=\"og:url\" content=\"https:\/\/laballade.de\/wordpress\/neuerscheinung-der-verbannte-auf-dem-eisernhof\/\" \/>\n<meta property=\"og:site_name\" content=\"La Ballade\" \/>\n<meta property=\"article:published_time\" content=\"2025-09-30T18:06:21+00:00\" \/>\n<meta property=\"article:modified_time\" content=\"2025-10-17T09:12:59+00:00\" \/>\n<meta property=\"og:image\" content=\"https:\/\/laballade.de\/wordpress\/wp-content\/uploads\/2025\/09\/Meni-Cover-Ebook-fertig-188x300.jpg\" \/>\n<meta name=\"author\" content=\"Susanne\" \/>\n<meta name=\"twitter:card\" content=\"summary_large_image\" \/>\n<meta name=\"twitter:label1\" content=\"Verfasst von\" \/>\n\t<meta name=\"twitter:data1\" content=\"Susanne\" \/>\n\t<meta name=\"twitter:label2\" content=\"Gesch\u00e4tzte Lesezeit\" \/>\n\t<meta name=\"twitter:data2\" content=\"2\u00a0Minuten\" \/>\n<script type=\"application\/ld+json\" class=\"yoast-schema-graph\">{\"@context\":\"https:\\\/\\\/schema.org\",\"@graph\":[{\"@type\":\"Article\",\"@id\":\"https:\\\/\\\/laballade.de\\\/wordpress\\\/neuerscheinung-der-verbannte-auf-dem-eisernhof\\\/#article\",\"isPartOf\":{\"@id\":\"https:\\\/\\\/laballade.de\\\/wordpress\\\/neuerscheinung-der-verbannte-auf-dem-eisernhof\\\/\"},\"author\":{\"name\":\"Susanne\",\"@id\":\"https:\\\/\\\/laballade.de\\\/wordpress\\\/#\\\/schema\\\/person\\\/6fadccd64c10acbfe6c9d563789d29a1\"},\"headline\":\"Neuerscheinung \u2013 Der Verbannte auf dem Eisernhof\",\"datePublished\":\"2025-09-30T18:06:21+00:00\",\"dateModified\":\"2025-10-17T09:12:59+00:00\",\"mainEntityOfPage\":{\"@id\":\"https:\\\/\\\/laballade.de\\\/wordpress\\\/neuerscheinung-der-verbannte-auf-dem-eisernhof\\\/\"},\"wordCount\":333,\"commentCount\":0,\"publisher\":{\"@id\":\"https:\\\/\\\/laballade.de\\\/wordpress\\\/#\\\/schema\\\/person\\\/6fadccd64c10acbfe6c9d563789d29a1\"},\"image\":{\"@id\":\"https:\\\/\\\/laballade.de\\\/wordpress\\\/neuerscheinung-der-verbannte-auf-dem-eisernhof\\\/#primaryimage\"},\"thumbnailUrl\":\"https:\\\/\\\/laballade.de\\\/wordpress\\\/wp-content\\\/uploads\\\/2025\\\/09\\\/Meni-Cover-Ebook-fertig-188x300.jpg\",\"keywords\":[\"Drachen\",\"Fantasy\",\"Kochen\",\"Roman\"],\"articleSection\":[\"Echtes Essen\",\"Geschichten\"],\"inLanguage\":\"de\",\"potentialAction\":[{\"@type\":\"CommentAction\",\"name\":\"Comment\",\"target\":[\"https:\\\/\\\/laballade.de\\\/wordpress\\\/neuerscheinung-der-verbannte-auf-dem-eisernhof\\\/#respond\"]}]},{\"@type\":\"WebPage\",\"@id\":\"https:\\\/\\\/laballade.de\\\/wordpress\\\/neuerscheinung-der-verbannte-auf-dem-eisernhof\\\/\",\"url\":\"https:\\\/\\\/laballade.de\\\/wordpress\\\/neuerscheinung-der-verbannte-auf-dem-eisernhof\\\/\",\"name\":\"Neuerscheinung \u2013 Der Verbannte auf dem Eisernhof - La Ballade\",\"isPartOf\":{\"@id\":\"https:\\\/\\\/laballade.de\\\/wordpress\\\/#website\"},\"primaryImageOfPage\":{\"@id\":\"https:\\\/\\\/laballade.de\\\/wordpress\\\/neuerscheinung-der-verbannte-auf-dem-eisernhof\\\/#primaryimage\"},\"image\":{\"@id\":\"https:\\\/\\\/laballade.de\\\/wordpress\\\/neuerscheinung-der-verbannte-auf-dem-eisernhof\\\/#primaryimage\"},\"thumbnailUrl\":\"https:\\\/\\\/laballade.de\\\/wordpress\\\/wp-content\\\/uploads\\\/2025\\\/09\\\/Meni-Cover-Ebook-fertig-188x300.jpg\",\"datePublished\":\"2025-09-30T18:06:21+00:00\",\"dateModified\":\"2025-10-17T09:12:59+00:00\",\"description\":\"Der Verbannte auf dem Eisernhof \u2013 Cozy Fantasy-Abenteuer mit kleinen bunten Drachen, klingenden Schellen und eiskaltem Bergsee\",\"breadcrumb\":{\"@id\":\"https:\\\/\\\/laballade.de\\\/wordpress\\\/neuerscheinung-der-verbannte-auf-dem-eisernhof\\\/#breadcrumb\"},\"inLanguage\":\"de\",\"potentialAction\":[{\"@type\":\"ReadAction\",\"target\":[\"https:\\\/\\\/laballade.de\\\/wordpress\\\/neuerscheinung-der-verbannte-auf-dem-eisernhof\\\/\"]}]},{\"@type\":\"ImageObject\",\"inLanguage\":\"de\",\"@id\":\"https:\\\/\\\/laballade.de\\\/wordpress\\\/neuerscheinung-der-verbannte-auf-dem-eisernhof\\\/#primaryimage\",\"url\":\"https:\\\/\\\/laballade.de\\\/wordpress\\\/wp-content\\\/uploads\\\/2025\\\/09\\\/Meni-Cover-Ebook-fertig-e1759254991531.jpg\",\"contentUrl\":\"https:\\\/\\\/laballade.de\\\/wordpress\\\/wp-content\\\/uploads\\\/2025\\\/09\\\/Meni-Cover-Ebook-fertig-e1759254991531.jpg\",\"width\":400,\"height\":640,\"caption\":\"Buchcover \u00bbDer Verbannte auf dem Eisernhof\u00ab\"},{\"@type\":\"BreadcrumbList\",\"@id\":\"https:\\\/\\\/laballade.de\\\/wordpress\\\/neuerscheinung-der-verbannte-auf-dem-eisernhof\\\/#breadcrumb\",\"itemListElement\":[{\"@type\":\"ListItem\",\"position\":1,\"name\":\"Startseite\",\"item\":\"https:\\\/\\\/laballade.de\\\/wordpress\\\/\"},{\"@type\":\"ListItem\",\"position\":2,\"name\":\"Neuerscheinung \u2013 Der Verbannte auf dem Eisernhof\"}]},{\"@type\":\"WebSite\",\"@id\":\"https:\\\/\\\/laballade.de\\\/wordpress\\\/#website\",\"url\":\"https:\\\/\\\/laballade.de\\\/wordpress\\\/\",\"name\":\"La Ballade\",\"description\":\"Geschichten und Musik\",\"publisher\":{\"@id\":\"https:\\\/\\\/laballade.de\\\/wordpress\\\/#\\\/schema\\\/person\\\/6fadccd64c10acbfe6c9d563789d29a1\"},\"potentialAction\":[{\"@type\":\"SearchAction\",\"target\":{\"@type\":\"EntryPoint\",\"urlTemplate\":\"https:\\\/\\\/laballade.de\\\/wordpress\\\/?s={search_term_string}\"},\"query-input\":{\"@type\":\"PropertyValueSpecification\",\"valueRequired\":true,\"valueName\":\"search_term_string\"}}],\"inLanguage\":\"de\"},{\"@type\":[\"Person\",\"Organization\"],\"@id\":\"https:\\\/\\\/laballade.de\\\/wordpress\\\/#\\\/schema\\\/person\\\/6fadccd64c10acbfe6c9d563789d29a1\",\"name\":\"Susanne\",\"logo\":{\"@id\":\"https:\\\/\\\/laballade.de\\\/wordpress\\\/#\\\/schema\\\/person\\\/image\\\/\"},\"sameAs\":[\"https:\\\/\\\/www.laballade.de\"]}]}<\/script>\n<!-- \/ Yoast SEO plugin. -->","yoast_head_json":{"title":"Neuerscheinung \u2013 Der Verbannte auf dem Eisernhof - La Ballade","description":"Der Verbannte auf dem Eisernhof \u2013 Cozy Fantasy-Abenteuer mit kleinen bunten Drachen, klingenden Schellen und eiskaltem Bergsee","robots":{"index":"index","follow":"follow","max-snippet":"max-snippet:-1","max-image-preview":"max-image-preview:large","max-video-preview":"max-video-preview:-1"},"canonical":"https:\/\/laballade.de\/wordpress\/neuerscheinung-der-verbannte-auf-dem-eisernhof\/","og_locale":"de_DE","og_type":"article","og_title":"Neuerscheinung \u2013 Der Verbannte auf dem Eisernhof - La Ballade","og_description":"Der Verbannte auf dem Eisernhof \u2013 Cozy Fantasy-Abenteuer mit kleinen bunten Drachen, klingenden Schellen und eiskaltem Bergsee","og_url":"https:\/\/laballade.de\/wordpress\/neuerscheinung-der-verbannte-auf-dem-eisernhof\/","og_site_name":"La Ballade","article_published_time":"2025-09-30T18:06:21+00:00","article_modified_time":"2025-10-17T09:12:59+00:00","og_image":[{"url":"https:\/\/laballade.de\/wordpress\/wp-content\/uploads\/2025\/09\/Meni-Cover-Ebook-fertig-188x300.jpg","type":"","width":"","height":""}],"author":"Susanne","twitter_card":"summary_large_image","twitter_misc":{"Verfasst von":"Susanne","Gesch\u00e4tzte Lesezeit":"2\u00a0Minuten"},"schema":{"@context":"https:\/\/schema.org","@graph":[{"@type":"Article","@id":"https:\/\/laballade.de\/wordpress\/neuerscheinung-der-verbannte-auf-dem-eisernhof\/#article","isPartOf":{"@id":"https:\/\/laballade.de\/wordpress\/neuerscheinung-der-verbannte-auf-dem-eisernhof\/"},"author":{"name":"Susanne","@id":"https:\/\/laballade.de\/wordpress\/#\/schema\/person\/6fadccd64c10acbfe6c9d563789d29a1"},"headline":"Neuerscheinung \u2013 Der Verbannte auf dem Eisernhof","datePublished":"2025-09-30T18:06:21+00:00","dateModified":"2025-10-17T09:12:59+00:00","mainEntityOfPage":{"@id":"https:\/\/laballade.de\/wordpress\/neuerscheinung-der-verbannte-auf-dem-eisernhof\/"},"wordCount":333,"commentCount":0,"publisher":{"@id":"https:\/\/laballade.de\/wordpress\/#\/schema\/person\/6fadccd64c10acbfe6c9d563789d29a1"},"image":{"@id":"https:\/\/laballade.de\/wordpress\/neuerscheinung-der-verbannte-auf-dem-eisernhof\/#primaryimage"},"thumbnailUrl":"https:\/\/laballade.de\/wordpress\/wp-content\/uploads\/2025\/09\/Meni-Cover-Ebook-fertig-188x300.jpg","keywords":["Drachen","Fantasy","Kochen","Roman"],"articleSection":["Echtes Essen","Geschichten"],"inLanguage":"de","potentialAction":[{"@type":"CommentAction","name":"Comment","target":["https:\/\/laballade.de\/wordpress\/neuerscheinung-der-verbannte-auf-dem-eisernhof\/#respond"]}]},{"@type":"WebPage","@id":"https:\/\/laballade.de\/wordpress\/neuerscheinung-der-verbannte-auf-dem-eisernhof\/","url":"https:\/\/laballade.de\/wordpress\/neuerscheinung-der-verbannte-auf-dem-eisernhof\/","name":"Neuerscheinung \u2013 Der Verbannte auf dem Eisernhof - La Ballade","isPartOf":{"@id":"https:\/\/laballade.de\/wordpress\/#website"},"primaryImageOfPage":{"@id":"https:\/\/laballade.de\/wordpress\/neuerscheinung-der-verbannte-auf-dem-eisernhof\/#primaryimage"},"image":{"@id":"https:\/\/laballade.de\/wordpress\/neuerscheinung-der-verbannte-auf-dem-eisernhof\/#primaryimage"},"thumbnailUrl":"https:\/\/laballade.de\/wordpress\/wp-content\/uploads\/2025\/09\/Meni-Cover-Ebook-fertig-188x300.jpg","datePublished":"2025-09-30T18:06:21+00:00","dateModified":"2025-10-17T09:12:59+00:00","description":"Der Verbannte auf dem Eisernhof \u2013 Cozy Fantasy-Abenteuer mit kleinen bunten Drachen, klingenden Schellen und eiskaltem Bergsee","breadcrumb":{"@id":"https:\/\/laballade.de\/wordpress\/neuerscheinung-der-verbannte-auf-dem-eisernhof\/#breadcrumb"},"inLanguage":"de","potentialAction":[{"@type":"ReadAction","target":["https:\/\/laballade.de\/wordpress\/neuerscheinung-der-verbannte-auf-dem-eisernhof\/"]}]},{"@type":"ImageObject","inLanguage":"de","@id":"https:\/\/laballade.de\/wordpress\/neuerscheinung-der-verbannte-auf-dem-eisernhof\/#primaryimage","url":"https:\/\/laballade.de\/wordpress\/wp-content\/uploads\/2025\/09\/Meni-Cover-Ebook-fertig-e1759254991531.jpg","contentUrl":"https:\/\/laballade.de\/wordpress\/wp-content\/uploads\/2025\/09\/Meni-Cover-Ebook-fertig-e1759254991531.jpg","width":400,"height":640,"caption":"Buchcover \u00bbDer Verbannte auf dem Eisernhof\u00ab"},{"@type":"BreadcrumbList","@id":"https:\/\/laballade.de\/wordpress\/neuerscheinung-der-verbannte-auf-dem-eisernhof\/#breadcrumb","itemListElement":[{"@type":"ListItem","position":1,"name":"Startseite","item":"https:\/\/laballade.de\/wordpress\/"},{"@type":"ListItem","position":2,"name":"Neuerscheinung \u2013 Der Verbannte auf dem Eisernhof"}]},{"@type":"WebSite","@id":"https:\/\/laballade.de\/wordpress\/#website","url":"https:\/\/laballade.de\/wordpress\/","name":"La Ballade","description":"Geschichten und Musik","publisher":{"@id":"https:\/\/laballade.de\/wordpress\/#\/schema\/person\/6fadccd64c10acbfe6c9d563789d29a1"},"potentialAction":[{"@type":"SearchAction","target":{"@type":"EntryPoint","urlTemplate":"https:\/\/laballade.de\/wordpress\/?s={search_term_string}"},"query-input":{"@type":"PropertyValueSpecification","valueRequired":true,"valueName":"search_term_string"}}],"inLanguage":"de"},{"@type":["Person","Organization"],"@id":"https:\/\/laballade.de\/wordpress\/#\/schema\/person\/6fadccd64c10acbfe6c9d563789d29a1","name":"Susanne","logo":{"@id":"https:\/\/laballade.de\/wordpress\/#\/schema\/person\/image\/"},"sameAs":["https:\/\/www.laballade.de"]}]}},"_links":{"self":[{"href":"https:\/\/laballade.de\/wordpress\/wp-json\/wp\/v2\/posts\/6323","targetHints":{"allow":["GET"]}}],"collection":[{"href":"https:\/\/laballade.de\/wordpress\/wp-json\/wp\/v2\/posts"}],"about":[{"href":"https:\/\/laballade.de\/wordpress\/wp-json\/wp\/v2\/types\/post"}],"author":[{"embeddable":true,"href":"https:\/\/laballade.de\/wordpress\/wp-json\/wp\/v2\/users\/1"}],"replies":[{"embeddable":true,"href":"https:\/\/laballade.de\/wordpress\/wp-json\/wp\/v2\/comments?post=6323"}],"version-history":[{"count":9,"href":"https:\/\/laballade.de\/wordpress\/wp-json\/wp\/v2\/posts\/6323\/revisions"}],"predecessor-version":[{"id":6337,"href":"https:\/\/laballade.de\/wordpress\/wp-json\/wp\/v2\/posts\/6323\/revisions\/6337"}],"wp:attachment":[{"href":"https:\/\/laballade.de\/wordpress\/wp-json\/wp\/v2\/media?parent=6323"}],"wp:term":[{"taxonomy":"category","embeddable":true,"href":"https:\/\/laballade.de\/wordpress\/wp-json\/wp\/v2\/categories?post=6323"},{"taxonomy":"post_tag","embeddable":true,"href":"https:\/\/laballade.de\/wordpress\/wp-json\/wp\/v2\/tags?post=6323"}],"curies":[{"name":"wp","href":"https:\/\/api.w.org\/{rel}","templated":true}]}}