{"id":6306,"date":"2025-09-14T14:17:24","date_gmt":"2025-09-14T12:17:24","guid":{"rendered":"https:\/\/laballade.de\/wordpress\/?p=6306"},"modified":"2025-09-14T14:17:24","modified_gmt":"2025-09-14T12:17:24","slug":"lebenszeichen-nach-dem-urlaub","status":"publish","type":"post","link":"https:\/\/laballade.de\/wordpress\/lebenszeichen-nach-dem-urlaub\/","title":{"rendered":"Lebenszeichen nach dem Urlaub"},"content":{"rendered":"<p>Am Ende von Woche zwei nach dem Urlaub gebe ich hier kurz wieder ein Lebenszeichen. Drei Wochen drau\u00dfen herumlaufen, schwimmen und zumindest ein sch\u00f6nes Konzert (von <a href=\"https:\/\/conciertoiberico.com\/\">Concierto Ib\u00e9rico<\/a>) h\u00f6ren, war genau das Richtige f\u00fcr die Jahreszeit.<\/p>\n<p>Nicht alles Gr\u00fcnzeug hat bis zum k\u00fcrzlich wieder einsetzenden Regen \u00fcberlebt. Die Tomaten, \u00e4h, Tom\u00e4tchen kommen allerdings reichlich, und ein paar unentwegte Mangold- und Gr\u00fcnkohlpflanzen sind inzwischen auf dem Weg zur dritten Ernte.<\/p>\n<p>Im B\u00fcro geht es jetzt im Normalbetrieb weiter. Ich \u00fcbersetze an der neuen Fantasy-Serie von Pedro Urvi, damit es nach dem kr\u00f6nenden Abschluss der Waldl\u00e4ufer-Saga (<a href=\"https:\/\/www.amazon.de\/Waldl%C3%A4uferehre-Weg-Waldl%C3%A4ufers-Buch-20-ebook\/dp\/B0FDL92RC6\">Waldl\u00e4uferehre<\/a>, angek\u00fcndigt f\u00fcr 23. Oktober) m\u00f6glichst nahtlos weitergehen kann. Auch die halbj\u00e4hrliche Histo-\u00dcbersetzung f\u00fcr den Herbst ist schon angek\u00fcndigt und soll in den n\u00e4chsten Wochen \u00fcber die B\u00fchne gehen.<\/p>\n<p>N\u00e4chsten Monat steht au\u00dferdem die Frankfurter Buchmesse an. Dort bin ich mittwochs und donnerstags anzutreffen, ebenso auf dem BuCon am Samstag. Im Gep\u00e4ck habe ich <em>Das <a href=\"https:\/\/laballade.de\/wordpress\/bibliothek\/geschriebenes\/leseprobe-das-schwert-des-wilden-landes\/\">Schwert des Wilden Landes<\/a><\/em>.<\/p>\n<p>Bis dahin bastle ich an meiner n\u00e4chsten Ver\u00f6ffentlichung. <em>Der Verbannte auf dem Eisernhof<\/em> soll Anfang Oktober erscheinen \u2013 ein eher gem\u00fctliches Fantasy-Abenteuer mit kleinen bunten Drachen, klingenden Schellen und hei\u00dfem Apfelwein. Die Welt begleitet mich schon seit ein paar Jahrzehnten. Einen kleinen Vorgeschmack, wie es dort zugeht, gibt es in \u00bb<a href=\"http:\/\/laballade.de\/wordpress\/bibliothek\/geschriebenes\/leseprobe-der-weg-nach-hause\/\">Der Weg nach Hause<\/a>\u00ab.<\/p>\n","protected":false},"excerpt":{"rendered":"<p>Am Ende von Woche zwei nach dem Urlaub gebe ich hier kurz wieder ein Lebenszeichen. Drei Wochen drau\u00dfen herumlaufen, schwimmen und zumindest ein sch\u00f6nes Konzert (von Concierto Ib\u00e9rico) h\u00f6ren, war genau das Richtige f\u00fcr die Jahreszeit. Nicht alles Gr\u00fcnzeug hat bis zum k\u00fcrzlich wieder einsetzenden Regen \u00fcberlebt. Die Tomaten, \u00e4h, Tom\u00e4tchen kommen allerdings reichlich, und [&hellip;]<\/p>\n","protected":false},"author":1,"featured_media":0,"comment_status":"open","ping_status":"open","sticky":false,"template":"","format":"standard","meta":{"footnotes":""},"categories":[26,8],"tags":[92,99,28,25,13],"class_list":["post-6306","post","type-post","status-publish","format-standard","hentry","category-der-ganze-rest","category-geschichten","tag-fantasy","tag-historisches","tag-roman","tag-spanisch","tag-uebersetzungen"],"yoast_head":"<!-- This site is optimized with the Yoast SEO plugin v27.4 - https:\/\/yoast.com\/product\/yoast-seo-wordpress\/ -->\n<title>Lebenszeichen nach dem Urlaub - La Ballade<\/title>\n<meta name=\"description\" content=\"Kurzes Lebenszeichen nach dem Urlaub \u2013 mit welchen Geschichten geht es jetzt weiter? Und wer darf mit zur Frankfurter Buchmesse?\" \/>\n<meta name=\"robots\" content=\"index, follow, max-snippet:-1, max-image-preview:large, max-video-preview:-1\" \/>\n<link rel=\"canonical\" href=\"https:\/\/laballade.de\/wordpress\/lebenszeichen-nach-dem-urlaub\/\" \/>\n<meta property=\"og:locale\" content=\"de_DE\" \/>\n<meta property=\"og:type\" content=\"article\" \/>\n<meta property=\"og:title\" content=\"Lebenszeichen nach dem Urlaub - La Ballade\" \/>\n<meta property=\"og:description\" content=\"Kurzes Lebenszeichen nach dem Urlaub \u2013 mit welchen Geschichten geht es jetzt weiter? Und wer darf mit zur Frankfurter Buchmesse?\" \/>\n<meta property=\"og:url\" content=\"https:\/\/laballade.de\/wordpress\/lebenszeichen-nach-dem-urlaub\/\" \/>\n<meta property=\"og:site_name\" content=\"La Ballade\" \/>\n<meta property=\"article:published_time\" content=\"2025-09-14T12:17:24+00:00\" \/>\n<meta name=\"author\" content=\"Susanne\" \/>\n<meta name=\"twitter:card\" content=\"summary_large_image\" \/>\n<meta name=\"twitter:label1\" content=\"Verfasst von\" \/>\n\t<meta name=\"twitter:data1\" content=\"Susanne\" \/>\n\t<meta name=\"twitter:label2\" content=\"Gesch\u00e4tzte Lesezeit\" \/>\n\t<meta name=\"twitter:data2\" content=\"2\u00a0Minuten\" \/>\n<script type=\"application\/ld+json\" class=\"yoast-schema-graph\">{\"@context\":\"https:\\\/\\\/schema.org\",\"@graph\":[{\"@type\":\"Article\",\"@id\":\"https:\\\/\\\/laballade.de\\\/wordpress\\\/lebenszeichen-nach-dem-urlaub\\\/#article\",\"isPartOf\":{\"@id\":\"https:\\\/\\\/laballade.de\\\/wordpress\\\/lebenszeichen-nach-dem-urlaub\\\/\"},\"author\":{\"name\":\"Susanne\",\"@id\":\"https:\\\/\\\/laballade.de\\\/wordpress\\\/#\\\/schema\\\/person\\\/6fadccd64c10acbfe6c9d563789d29a1\"},\"headline\":\"Lebenszeichen nach dem Urlaub\",\"datePublished\":\"2025-09-14T12:17:24+00:00\",\"mainEntityOfPage\":{\"@id\":\"https:\\\/\\\/laballade.de\\\/wordpress\\\/lebenszeichen-nach-dem-urlaub\\\/\"},\"wordCount\":238,\"commentCount\":0,\"publisher\":{\"@id\":\"https:\\\/\\\/laballade.de\\\/wordpress\\\/#\\\/schema\\\/person\\\/6fadccd64c10acbfe6c9d563789d29a1\"},\"keywords\":[\"Fantasy\",\"Historisches\",\"Roman\",\"Spanisch\",\"\u00dcbersetzungen\"],\"articleSection\":[\"Der ganze Rest\",\"Geschichten\"],\"inLanguage\":\"de\",\"potentialAction\":[{\"@type\":\"CommentAction\",\"name\":\"Comment\",\"target\":[\"https:\\\/\\\/laballade.de\\\/wordpress\\\/lebenszeichen-nach-dem-urlaub\\\/#respond\"]}]},{\"@type\":\"WebPage\",\"@id\":\"https:\\\/\\\/laballade.de\\\/wordpress\\\/lebenszeichen-nach-dem-urlaub\\\/\",\"url\":\"https:\\\/\\\/laballade.de\\\/wordpress\\\/lebenszeichen-nach-dem-urlaub\\\/\",\"name\":\"Lebenszeichen nach dem Urlaub - La Ballade\",\"isPartOf\":{\"@id\":\"https:\\\/\\\/laballade.de\\\/wordpress\\\/#website\"},\"datePublished\":\"2025-09-14T12:17:24+00:00\",\"description\":\"Kurzes Lebenszeichen nach dem Urlaub \u2013 mit welchen Geschichten geht es jetzt weiter? Und wer darf mit zur Frankfurter Buchmesse?\",\"breadcrumb\":{\"@id\":\"https:\\\/\\\/laballade.de\\\/wordpress\\\/lebenszeichen-nach-dem-urlaub\\\/#breadcrumb\"},\"inLanguage\":\"de\",\"potentialAction\":[{\"@type\":\"ReadAction\",\"target\":[\"https:\\\/\\\/laballade.de\\\/wordpress\\\/lebenszeichen-nach-dem-urlaub\\\/\"]}]},{\"@type\":\"BreadcrumbList\",\"@id\":\"https:\\\/\\\/laballade.de\\\/wordpress\\\/lebenszeichen-nach-dem-urlaub\\\/#breadcrumb\",\"itemListElement\":[{\"@type\":\"ListItem\",\"position\":1,\"name\":\"Startseite\",\"item\":\"https:\\\/\\\/laballade.de\\\/wordpress\\\/\"},{\"@type\":\"ListItem\",\"position\":2,\"name\":\"Lebenszeichen nach dem Urlaub\"}]},{\"@type\":\"WebSite\",\"@id\":\"https:\\\/\\\/laballade.de\\\/wordpress\\\/#website\",\"url\":\"https:\\\/\\\/laballade.de\\\/wordpress\\\/\",\"name\":\"La Ballade\",\"description\":\"Geschichten und Musik\",\"publisher\":{\"@id\":\"https:\\\/\\\/laballade.de\\\/wordpress\\\/#\\\/schema\\\/person\\\/6fadccd64c10acbfe6c9d563789d29a1\"},\"potentialAction\":[{\"@type\":\"SearchAction\",\"target\":{\"@type\":\"EntryPoint\",\"urlTemplate\":\"https:\\\/\\\/laballade.de\\\/wordpress\\\/?s={search_term_string}\"},\"query-input\":{\"@type\":\"PropertyValueSpecification\",\"valueRequired\":true,\"valueName\":\"search_term_string\"}}],\"inLanguage\":\"de\"},{\"@type\":[\"Person\",\"Organization\"],\"@id\":\"https:\\\/\\\/laballade.de\\\/wordpress\\\/#\\\/schema\\\/person\\\/6fadccd64c10acbfe6c9d563789d29a1\",\"name\":\"Susanne\",\"logo\":{\"@id\":\"https:\\\/\\\/laballade.de\\\/wordpress\\\/#\\\/schema\\\/person\\\/image\\\/\"},\"sameAs\":[\"https:\\\/\\\/www.laballade.de\"]}]}<\/script>\n<!-- \/ Yoast SEO plugin. -->","yoast_head_json":{"title":"Lebenszeichen nach dem Urlaub - La Ballade","description":"Kurzes Lebenszeichen nach dem Urlaub \u2013 mit welchen Geschichten geht es jetzt weiter? Und wer darf mit zur Frankfurter Buchmesse?","robots":{"index":"index","follow":"follow","max-snippet":"max-snippet:-1","max-image-preview":"max-image-preview:large","max-video-preview":"max-video-preview:-1"},"canonical":"https:\/\/laballade.de\/wordpress\/lebenszeichen-nach-dem-urlaub\/","og_locale":"de_DE","og_type":"article","og_title":"Lebenszeichen nach dem Urlaub - La Ballade","og_description":"Kurzes Lebenszeichen nach dem Urlaub \u2013 mit welchen Geschichten geht es jetzt weiter? Und wer darf mit zur Frankfurter Buchmesse?","og_url":"https:\/\/laballade.de\/wordpress\/lebenszeichen-nach-dem-urlaub\/","og_site_name":"La Ballade","article_published_time":"2025-09-14T12:17:24+00:00","author":"Susanne","twitter_card":"summary_large_image","twitter_misc":{"Verfasst von":"Susanne","Gesch\u00e4tzte Lesezeit":"2\u00a0Minuten"},"schema":{"@context":"https:\/\/schema.org","@graph":[{"@type":"Article","@id":"https:\/\/laballade.de\/wordpress\/lebenszeichen-nach-dem-urlaub\/#article","isPartOf":{"@id":"https:\/\/laballade.de\/wordpress\/lebenszeichen-nach-dem-urlaub\/"},"author":{"name":"Susanne","@id":"https:\/\/laballade.de\/wordpress\/#\/schema\/person\/6fadccd64c10acbfe6c9d563789d29a1"},"headline":"Lebenszeichen nach dem Urlaub","datePublished":"2025-09-14T12:17:24+00:00","mainEntityOfPage":{"@id":"https:\/\/laballade.de\/wordpress\/lebenszeichen-nach-dem-urlaub\/"},"wordCount":238,"commentCount":0,"publisher":{"@id":"https:\/\/laballade.de\/wordpress\/#\/schema\/person\/6fadccd64c10acbfe6c9d563789d29a1"},"keywords":["Fantasy","Historisches","Roman","Spanisch","\u00dcbersetzungen"],"articleSection":["Der ganze Rest","Geschichten"],"inLanguage":"de","potentialAction":[{"@type":"CommentAction","name":"Comment","target":["https:\/\/laballade.de\/wordpress\/lebenszeichen-nach-dem-urlaub\/#respond"]}]},{"@type":"WebPage","@id":"https:\/\/laballade.de\/wordpress\/lebenszeichen-nach-dem-urlaub\/","url":"https:\/\/laballade.de\/wordpress\/lebenszeichen-nach-dem-urlaub\/","name":"Lebenszeichen nach dem Urlaub - La Ballade","isPartOf":{"@id":"https:\/\/laballade.de\/wordpress\/#website"},"datePublished":"2025-09-14T12:17:24+00:00","description":"Kurzes Lebenszeichen nach dem Urlaub \u2013 mit welchen Geschichten geht es jetzt weiter? Und wer darf mit zur Frankfurter Buchmesse?","breadcrumb":{"@id":"https:\/\/laballade.de\/wordpress\/lebenszeichen-nach-dem-urlaub\/#breadcrumb"},"inLanguage":"de","potentialAction":[{"@type":"ReadAction","target":["https:\/\/laballade.de\/wordpress\/lebenszeichen-nach-dem-urlaub\/"]}]},{"@type":"BreadcrumbList","@id":"https:\/\/laballade.de\/wordpress\/lebenszeichen-nach-dem-urlaub\/#breadcrumb","itemListElement":[{"@type":"ListItem","position":1,"name":"Startseite","item":"https:\/\/laballade.de\/wordpress\/"},{"@type":"ListItem","position":2,"name":"Lebenszeichen nach dem Urlaub"}]},{"@type":"WebSite","@id":"https:\/\/laballade.de\/wordpress\/#website","url":"https:\/\/laballade.de\/wordpress\/","name":"La Ballade","description":"Geschichten und Musik","publisher":{"@id":"https:\/\/laballade.de\/wordpress\/#\/schema\/person\/6fadccd64c10acbfe6c9d563789d29a1"},"potentialAction":[{"@type":"SearchAction","target":{"@type":"EntryPoint","urlTemplate":"https:\/\/laballade.de\/wordpress\/?s={search_term_string}"},"query-input":{"@type":"PropertyValueSpecification","valueRequired":true,"valueName":"search_term_string"}}],"inLanguage":"de"},{"@type":["Person","Organization"],"@id":"https:\/\/laballade.de\/wordpress\/#\/schema\/person\/6fadccd64c10acbfe6c9d563789d29a1","name":"Susanne","logo":{"@id":"https:\/\/laballade.de\/wordpress\/#\/schema\/person\/image\/"},"sameAs":["https:\/\/www.laballade.de"]}]}},"_links":{"self":[{"href":"https:\/\/laballade.de\/wordpress\/wp-json\/wp\/v2\/posts\/6306","targetHints":{"allow":["GET"]}}],"collection":[{"href":"https:\/\/laballade.de\/wordpress\/wp-json\/wp\/v2\/posts"}],"about":[{"href":"https:\/\/laballade.de\/wordpress\/wp-json\/wp\/v2\/types\/post"}],"author":[{"embeddable":true,"href":"https:\/\/laballade.de\/wordpress\/wp-json\/wp\/v2\/users\/1"}],"replies":[{"embeddable":true,"href":"https:\/\/laballade.de\/wordpress\/wp-json\/wp\/v2\/comments?post=6306"}],"version-history":[{"count":3,"href":"https:\/\/laballade.de\/wordpress\/wp-json\/wp\/v2\/posts\/6306\/revisions"}],"predecessor-version":[{"id":6312,"href":"https:\/\/laballade.de\/wordpress\/wp-json\/wp\/v2\/posts\/6306\/revisions\/6312"}],"wp:attachment":[{"href":"https:\/\/laballade.de\/wordpress\/wp-json\/wp\/v2\/media?parent=6306"}],"wp:term":[{"taxonomy":"category","embeddable":true,"href":"https:\/\/laballade.de\/wordpress\/wp-json\/wp\/v2\/categories?post=6306"},{"taxonomy":"post_tag","embeddable":true,"href":"https:\/\/laballade.de\/wordpress\/wp-json\/wp\/v2\/tags?post=6306"}],"curies":[{"name":"wp","href":"https:\/\/api.w.org\/{rel}","templated":true}]}}