{"id":6297,"date":"2025-07-07T19:51:22","date_gmt":"2025-07-07T17:51:22","guid":{"rendered":"https:\/\/laballade.de\/wordpress\/?p=6297"},"modified":"2025-07-07T19:51:34","modified_gmt":"2025-07-07T17:51:34","slug":"alte-geschichte-frisch-vertont","status":"publish","type":"post","link":"https:\/\/laballade.de\/wordpress\/alte-geschichte-frisch-vertont\/","title":{"rendered":"Alte Geschichte frisch vertont"},"content":{"rendered":"<p>Nach ein paar Monaten Funkstille gibt es hier wieder einmal was Neues. Also, eigentlich eine alte Geschichte, aber die wurde frisch vertont.<\/p>\n<p><a href=\"https:\/\/laballade.de\/wordpress\/bibliothek\/geschriebenes\/leseprobe-der-tagedieb\/\">\u00bbDer Tagedieb\u00ab<\/a> ist schon 2018 erschienen, in der Anthologie <a href=\"https:\/\/www.verlag-torsten-low.com\/de\/Anthologien\/Phantastik--gemischt-\/Phantastische-Sportler---Markus-Heitkamp-und-Wolfgang-Schroeder--Hrsg--.html\"><em>Phantastische Sportler<\/em><\/a> beim Verlag Torsten Low. (Da ist die ganze Sammlung auch immer noch zu haben.) Und jetzt, nach der m\u00e4rchenhaften Zeit von sieben Jahren, hat Klaus Neubauer sie f\u00fcr seinen Podcast <a href=\"https:\/\/klausgesprochen.de\/der-tagedieb\/\">Klausgesprochen<\/a> eingelesen. Wer lieber h\u00f6rt als liest, kann sich dort umsehen. Es gibt eine Menge Geschichten aus allen phantastischen (und ein paar anderen) Genres zu entdecken. Damit verliert die n\u00e4chste lange Autofahrt oder gar der Berg B\u00fcgelw\u00e4sche jeden Schrecken.<\/p>\n<p>Noch etwas H\u00f6rbares kam mit einer kleinen \u00dcbersetzung zwischendurch: Die Oper Ariodante von Georg Friedrich H\u00e4ndel wurde von Les Arts Florissants verfilmt. Zumindest in Frankreich ist er bereits in den Kinos zu sehen. F\u00fcr die deutsche Fassung kam der <a href=\"https:\/\/yewtu.be\/watch?v=JbF_qvm0D7o\">Trailer<\/a> hier vorbei, \u00bbdemn\u00e4chst in Ihrem Kino\u00ab k\u00f6nnte es also barocke Kl\u00e4nge zu h\u00f6ren geben.<\/p>\n","protected":false},"excerpt":{"rendered":"<p>Nach ein paar Monaten Funkstille gibt es hier wieder einmal was Neues. Also, eigentlich eine alte Geschichte, aber die wurde frisch vertont. \u00bbDer Tagedieb\u00ab ist schon 2018 erschienen, in der Anthologie Phantastische Sportler beim Verlag Torsten Low. (Da ist die ganze Sammlung auch immer noch zu haben.) Und jetzt, nach der m\u00e4rchenhaften Zeit von sieben [&hellip;]<\/p>\n","protected":false},"author":1,"featured_media":0,"comment_status":"open","ping_status":"open","sticky":false,"template":"","format":"standard","meta":{"footnotes":""},"categories":[8,20],"tags":[92,11,115,13],"class_list":["post-6297","post","type-post","status-publish","format-standard","hentry","category-geschichten","category-musik","tag-fantasy","tag-kurzgeschichten","tag-oper","tag-uebersetzungen"],"yoast_head":"<!-- This site is optimized with the Yoast SEO plugin v27.4 - https:\/\/yoast.com\/product\/yoast-seo-wordpress\/ -->\n<title>Alte Geschichte frisch vertont - La Ballade<\/title>\n<meta name=\"description\" content=\"Hinweis auf eine frisch vertonte alte Geschichte beim Podcast klausgesprochen sowie auf einen Trailer f\u00fcr H\u00e4ndels \u00bbAriodante\u00ab\" \/>\n<meta name=\"robots\" content=\"index, follow, max-snippet:-1, max-image-preview:large, max-video-preview:-1\" \/>\n<link rel=\"canonical\" href=\"https:\/\/laballade.de\/wordpress\/alte-geschichte-frisch-vertont\/\" \/>\n<meta property=\"og:locale\" content=\"de_DE\" \/>\n<meta property=\"og:type\" content=\"article\" \/>\n<meta property=\"og:title\" content=\"Alte Geschichte frisch vertont - La Ballade\" \/>\n<meta property=\"og:description\" content=\"Hinweis auf eine frisch vertonte alte Geschichte beim Podcast klausgesprochen sowie auf einen Trailer f\u00fcr H\u00e4ndels \u00bbAriodante\u00ab\" \/>\n<meta property=\"og:url\" content=\"https:\/\/laballade.de\/wordpress\/alte-geschichte-frisch-vertont\/\" \/>\n<meta property=\"og:site_name\" content=\"La Ballade\" \/>\n<meta property=\"article:published_time\" content=\"2025-07-07T17:51:22+00:00\" \/>\n<meta property=\"article:modified_time\" content=\"2025-07-07T17:51:34+00:00\" \/>\n<meta name=\"author\" content=\"Susanne\" \/>\n<meta name=\"twitter:card\" content=\"summary_large_image\" \/>\n<meta name=\"twitter:label1\" content=\"Verfasst von\" \/>\n\t<meta name=\"twitter:data1\" content=\"Susanne\" \/>\n\t<meta name=\"twitter:label2\" content=\"Gesch\u00e4tzte Lesezeit\" \/>\n\t<meta name=\"twitter:data2\" content=\"1\u00a0Minute\" \/>\n<script type=\"application\/ld+json\" class=\"yoast-schema-graph\">{\"@context\":\"https:\\\/\\\/schema.org\",\"@graph\":[{\"@type\":\"Article\",\"@id\":\"https:\\\/\\\/laballade.de\\\/wordpress\\\/alte-geschichte-frisch-vertont\\\/#article\",\"isPartOf\":{\"@id\":\"https:\\\/\\\/laballade.de\\\/wordpress\\\/alte-geschichte-frisch-vertont\\\/\"},\"author\":{\"name\":\"Susanne\",\"@id\":\"https:\\\/\\\/laballade.de\\\/wordpress\\\/#\\\/schema\\\/person\\\/6fadccd64c10acbfe6c9d563789d29a1\"},\"headline\":\"Alte Geschichte frisch vertont\",\"datePublished\":\"2025-07-07T17:51:22+00:00\",\"dateModified\":\"2025-07-07T17:51:34+00:00\",\"mainEntityOfPage\":{\"@id\":\"https:\\\/\\\/laballade.de\\\/wordpress\\\/alte-geschichte-frisch-vertont\\\/\"},\"wordCount\":172,\"commentCount\":0,\"publisher\":{\"@id\":\"https:\\\/\\\/laballade.de\\\/wordpress\\\/#\\\/schema\\\/person\\\/6fadccd64c10acbfe6c9d563789d29a1\"},\"keywords\":[\"Fantasy\",\"Kurzgeschichten\",\"Oper\",\"\u00dcbersetzungen\"],\"articleSection\":[\"Geschichten\",\"Musik\"],\"inLanguage\":\"de\",\"potentialAction\":[{\"@type\":\"CommentAction\",\"name\":\"Comment\",\"target\":[\"https:\\\/\\\/laballade.de\\\/wordpress\\\/alte-geschichte-frisch-vertont\\\/#respond\"]}]},{\"@type\":\"WebPage\",\"@id\":\"https:\\\/\\\/laballade.de\\\/wordpress\\\/alte-geschichte-frisch-vertont\\\/\",\"url\":\"https:\\\/\\\/laballade.de\\\/wordpress\\\/alte-geschichte-frisch-vertont\\\/\",\"name\":\"Alte Geschichte frisch vertont - La Ballade\",\"isPartOf\":{\"@id\":\"https:\\\/\\\/laballade.de\\\/wordpress\\\/#website\"},\"datePublished\":\"2025-07-07T17:51:22+00:00\",\"dateModified\":\"2025-07-07T17:51:34+00:00\",\"description\":\"Hinweis auf eine frisch vertonte alte Geschichte beim Podcast klausgesprochen sowie auf einen Trailer f\u00fcr H\u00e4ndels \u00bbAriodante\u00ab\",\"breadcrumb\":{\"@id\":\"https:\\\/\\\/laballade.de\\\/wordpress\\\/alte-geschichte-frisch-vertont\\\/#breadcrumb\"},\"inLanguage\":\"de\",\"potentialAction\":[{\"@type\":\"ReadAction\",\"target\":[\"https:\\\/\\\/laballade.de\\\/wordpress\\\/alte-geschichte-frisch-vertont\\\/\"]}]},{\"@type\":\"BreadcrumbList\",\"@id\":\"https:\\\/\\\/laballade.de\\\/wordpress\\\/alte-geschichte-frisch-vertont\\\/#breadcrumb\",\"itemListElement\":[{\"@type\":\"ListItem\",\"position\":1,\"name\":\"Startseite\",\"item\":\"https:\\\/\\\/laballade.de\\\/wordpress\\\/\"},{\"@type\":\"ListItem\",\"position\":2,\"name\":\"Alte Geschichte frisch vertont\"}]},{\"@type\":\"WebSite\",\"@id\":\"https:\\\/\\\/laballade.de\\\/wordpress\\\/#website\",\"url\":\"https:\\\/\\\/laballade.de\\\/wordpress\\\/\",\"name\":\"La Ballade\",\"description\":\"Geschichten und Musik\",\"publisher\":{\"@id\":\"https:\\\/\\\/laballade.de\\\/wordpress\\\/#\\\/schema\\\/person\\\/6fadccd64c10acbfe6c9d563789d29a1\"},\"potentialAction\":[{\"@type\":\"SearchAction\",\"target\":{\"@type\":\"EntryPoint\",\"urlTemplate\":\"https:\\\/\\\/laballade.de\\\/wordpress\\\/?s={search_term_string}\"},\"query-input\":{\"@type\":\"PropertyValueSpecification\",\"valueRequired\":true,\"valueName\":\"search_term_string\"}}],\"inLanguage\":\"de\"},{\"@type\":[\"Person\",\"Organization\"],\"@id\":\"https:\\\/\\\/laballade.de\\\/wordpress\\\/#\\\/schema\\\/person\\\/6fadccd64c10acbfe6c9d563789d29a1\",\"name\":\"Susanne\",\"logo\":{\"@id\":\"https:\\\/\\\/laballade.de\\\/wordpress\\\/#\\\/schema\\\/person\\\/image\\\/\"},\"sameAs\":[\"https:\\\/\\\/www.laballade.de\"]}]}<\/script>\n<!-- \/ Yoast SEO plugin. -->","yoast_head_json":{"title":"Alte Geschichte frisch vertont - La Ballade","description":"Hinweis auf eine frisch vertonte alte Geschichte beim Podcast klausgesprochen sowie auf einen Trailer f\u00fcr H\u00e4ndels \u00bbAriodante\u00ab","robots":{"index":"index","follow":"follow","max-snippet":"max-snippet:-1","max-image-preview":"max-image-preview:large","max-video-preview":"max-video-preview:-1"},"canonical":"https:\/\/laballade.de\/wordpress\/alte-geschichte-frisch-vertont\/","og_locale":"de_DE","og_type":"article","og_title":"Alte Geschichte frisch vertont - La Ballade","og_description":"Hinweis auf eine frisch vertonte alte Geschichte beim Podcast klausgesprochen sowie auf einen Trailer f\u00fcr H\u00e4ndels \u00bbAriodante\u00ab","og_url":"https:\/\/laballade.de\/wordpress\/alte-geschichte-frisch-vertont\/","og_site_name":"La Ballade","article_published_time":"2025-07-07T17:51:22+00:00","article_modified_time":"2025-07-07T17:51:34+00:00","author":"Susanne","twitter_card":"summary_large_image","twitter_misc":{"Verfasst von":"Susanne","Gesch\u00e4tzte Lesezeit":"1\u00a0Minute"},"schema":{"@context":"https:\/\/schema.org","@graph":[{"@type":"Article","@id":"https:\/\/laballade.de\/wordpress\/alte-geschichte-frisch-vertont\/#article","isPartOf":{"@id":"https:\/\/laballade.de\/wordpress\/alte-geschichte-frisch-vertont\/"},"author":{"name":"Susanne","@id":"https:\/\/laballade.de\/wordpress\/#\/schema\/person\/6fadccd64c10acbfe6c9d563789d29a1"},"headline":"Alte Geschichte frisch vertont","datePublished":"2025-07-07T17:51:22+00:00","dateModified":"2025-07-07T17:51:34+00:00","mainEntityOfPage":{"@id":"https:\/\/laballade.de\/wordpress\/alte-geschichte-frisch-vertont\/"},"wordCount":172,"commentCount":0,"publisher":{"@id":"https:\/\/laballade.de\/wordpress\/#\/schema\/person\/6fadccd64c10acbfe6c9d563789d29a1"},"keywords":["Fantasy","Kurzgeschichten","Oper","\u00dcbersetzungen"],"articleSection":["Geschichten","Musik"],"inLanguage":"de","potentialAction":[{"@type":"CommentAction","name":"Comment","target":["https:\/\/laballade.de\/wordpress\/alte-geschichte-frisch-vertont\/#respond"]}]},{"@type":"WebPage","@id":"https:\/\/laballade.de\/wordpress\/alte-geschichte-frisch-vertont\/","url":"https:\/\/laballade.de\/wordpress\/alte-geschichte-frisch-vertont\/","name":"Alte Geschichte frisch vertont - La Ballade","isPartOf":{"@id":"https:\/\/laballade.de\/wordpress\/#website"},"datePublished":"2025-07-07T17:51:22+00:00","dateModified":"2025-07-07T17:51:34+00:00","description":"Hinweis auf eine frisch vertonte alte Geschichte beim Podcast klausgesprochen sowie auf einen Trailer f\u00fcr H\u00e4ndels \u00bbAriodante\u00ab","breadcrumb":{"@id":"https:\/\/laballade.de\/wordpress\/alte-geschichte-frisch-vertont\/#breadcrumb"},"inLanguage":"de","potentialAction":[{"@type":"ReadAction","target":["https:\/\/laballade.de\/wordpress\/alte-geschichte-frisch-vertont\/"]}]},{"@type":"BreadcrumbList","@id":"https:\/\/laballade.de\/wordpress\/alte-geschichte-frisch-vertont\/#breadcrumb","itemListElement":[{"@type":"ListItem","position":1,"name":"Startseite","item":"https:\/\/laballade.de\/wordpress\/"},{"@type":"ListItem","position":2,"name":"Alte Geschichte frisch vertont"}]},{"@type":"WebSite","@id":"https:\/\/laballade.de\/wordpress\/#website","url":"https:\/\/laballade.de\/wordpress\/","name":"La Ballade","description":"Geschichten und Musik","publisher":{"@id":"https:\/\/laballade.de\/wordpress\/#\/schema\/person\/6fadccd64c10acbfe6c9d563789d29a1"},"potentialAction":[{"@type":"SearchAction","target":{"@type":"EntryPoint","urlTemplate":"https:\/\/laballade.de\/wordpress\/?s={search_term_string}"},"query-input":{"@type":"PropertyValueSpecification","valueRequired":true,"valueName":"search_term_string"}}],"inLanguage":"de"},{"@type":["Person","Organization"],"@id":"https:\/\/laballade.de\/wordpress\/#\/schema\/person\/6fadccd64c10acbfe6c9d563789d29a1","name":"Susanne","logo":{"@id":"https:\/\/laballade.de\/wordpress\/#\/schema\/person\/image\/"},"sameAs":["https:\/\/www.laballade.de"]}]}},"_links":{"self":[{"href":"https:\/\/laballade.de\/wordpress\/wp-json\/wp\/v2\/posts\/6297","targetHints":{"allow":["GET"]}}],"collection":[{"href":"https:\/\/laballade.de\/wordpress\/wp-json\/wp\/v2\/posts"}],"about":[{"href":"https:\/\/laballade.de\/wordpress\/wp-json\/wp\/v2\/types\/post"}],"author":[{"embeddable":true,"href":"https:\/\/laballade.de\/wordpress\/wp-json\/wp\/v2\/users\/1"}],"replies":[{"embeddable":true,"href":"https:\/\/laballade.de\/wordpress\/wp-json\/wp\/v2\/comments?post=6297"}],"version-history":[{"count":3,"href":"https:\/\/laballade.de\/wordpress\/wp-json\/wp\/v2\/posts\/6297\/revisions"}],"predecessor-version":[{"id":6304,"href":"https:\/\/laballade.de\/wordpress\/wp-json\/wp\/v2\/posts\/6297\/revisions\/6304"}],"wp:attachment":[{"href":"https:\/\/laballade.de\/wordpress\/wp-json\/wp\/v2\/media?parent=6297"}],"wp:term":[{"taxonomy":"category","embeddable":true,"href":"https:\/\/laballade.de\/wordpress\/wp-json\/wp\/v2\/categories?post=6297"},{"taxonomy":"post_tag","embeddable":true,"href":"https:\/\/laballade.de\/wordpress\/wp-json\/wp\/v2\/tags?post=6297"}],"curies":[{"name":"wp","href":"https:\/\/api.w.org\/{rel}","templated":true}]}}