{"id":6265,"date":"2025-03-25T22:49:52","date_gmt":"2025-03-25T21:49:52","guid":{"rendered":"https:\/\/laballade.de\/wordpress\/?p=6265"},"modified":"2025-04-05T13:31:17","modified_gmt":"2025-04-05T11:31:17","slug":"gebraeu-zum-zweiten","status":"publish","type":"post","link":"https:\/\/laballade.de\/wordpress\/gebraeu-zum-zweiten\/","title":{"rendered":"Gebr\u00e4u zum Zweiten"},"content":{"rendered":"<p><img loading=\"lazy\" decoding=\"async\" class=\"alignleft size-medium wp-image-6267\" src=\"https:\/\/laballade.de\/wordpress\/wp-content\/uploads\/2025\/03\/Brew-it-yourself-274x300.jpg\" alt=\"Buchcover: Richard Hood &amp; Nick Moyle, Brew it yourself - Selbstgebraute Getr\u00e4nke aus Wild- und Gartenpflanzen\" width=\"274\" height=\"300\" \/>Seit dem letzten Eintrag ist hier ein P\u00e4ckchen mit Belegexemplaren eingegangen, in denen allerlei Gebr\u00e4ue und ihre Zutaten beschrieben werden. Meine pers\u00f6nliche Empfehlung in diesem Buch steht auf der allerletzten Seite \u2013 na gut, ein Register gibt es dann auch noch.\u00a0 Switchel ist unkompliziert und l\u00e4sst sich mit Hei\u00dfem, Kaltem und bei Bedarf H\u00f6herprozentigem kombinieren.<\/p>\n<p>Inzwischen habe ich eifrig weiter \u00fcbersetzt, wie bereits erw\u00e4hnt an einem umfangreichen Backbuch, das mich noch einige Wochen begleiten wird. Au\u00dferdem n\u00e4hert sich die Waldl\u00e4ufer-Saga von Pedro Urvi dem furiosen Finale. Danach geht es in einer neuen abenteuerlichen Welt weiter.<\/p>\n<p>Ich dachte, ich kann rechtzeitig zur Leipziger Buchmesse zwei oder sogar drei gedruckte Ausgaben meiner Geschichten vorzeigen, aber die Lieferung l\u00e4sst noch auf sich warten. Wahrscheinlich schl\u00e4gt das P\u00e4ckchen hier auf, w\u00e4hrend ich mich in Leipzig herumtreibe \u2013 unter anderem in der <a href=\"https:\/\/wir-erschaffen-welten.net\/aktivitaeten\/pan-branchentreffen-der-phantastik\/\">Phantastik-Lounge<\/a>. Ein neues kleines E-Book gibt es allerdings, die im vorigen Beitrag angek\u00fcndigten Goldm\u00e4rchen. Mehr dazu unter <a href=\"https:\/\/laballade.de\/wordpress\/bibliothek\/geschriebenes\/\">Geschriebenes<\/a>.<\/p>\n<p>&nbsp;<\/p>\n<p>Update am 31. M\u00e4rz: Es ist genau so gekommen wie oben beschrieben. Die Probedrucke sind eingetroffen, als ich in Leipzig war. Also habe ich nach meiner R\u00fcckkehr noch mal eifrig gebastelt, und jetzt gibt es <a href=\"https:\/\/www.epubli.com\/shop\/die-weinfestengel-9783819066771\">Die Weinfestengel<\/a> und <a href=\"https:\/\/www.epubli.com\/shop\/das-schwert-des-wilden-landes-9783819066764\">Das Schwert des Wilden Landes<\/a> auch als Print. Der Probedruck f\u00fcr <a href=\"https:\/\/schlapp.buchhandlung.de\/shop\/article\/55195635\/susanne_bonn_gold_edition.html\">Gold Edition<\/a> wurde gestern in Auftrag gegeben und ist schon unterwegs. Nach der Buchmesse geht so was unvergleichlich viel schneller.<\/p>\n<p>Noch ein Update am 5. April: Der Probedruck war recht ansehnlich, jetzt ist <a href=\"https:\/\/www.epubli.com\/shop\/gold-edition-9783819069390\">Gold Edition<\/a> auch als echtes Heftchen zu haben, rechtzeitig f\u00fcrs Osternest.<\/p>\n","protected":false},"excerpt":{"rendered":"<p>Seit dem letzten Eintrag ist hier ein P\u00e4ckchen mit Belegexemplaren eingegangen, in denen allerlei Gebr\u00e4ue und ihre Zutaten beschrieben werden. Meine pers\u00f6nliche Empfehlung in diesem Buch steht auf der allerletzten Seite \u2013 na gut, ein Register gibt es dann auch noch.\u00a0 Switchel ist unkompliziert und l\u00e4sst sich mit Hei\u00dfem, Kaltem und bei Bedarf H\u00f6herprozentigem kombinieren. [&hellip;]<\/p>\n","protected":false},"author":1,"featured_media":0,"comment_status":"open","ping_status":"open","sticky":false,"template":"","format":"standard","meta":{"footnotes":""},"categories":[5,8],"tags":[134,221,14,92,11,164,28,25,13],"class_list":["post-6265","post","type-post","status-publish","format-standard","hentry","category-echtes-essen","category-geschichten","tag-backen","tag-brauen","tag-englisch","tag-fantasy","tag-kurzgeschichten","tag-maerchen","tag-roman","tag-spanisch","tag-uebersetzungen"],"yoast_head":"<!-- This site is optimized with the Yoast SEO plugin v27.4 - https:\/\/yoast.com\/product\/yoast-seo-wordpress\/ -->\n<title>Gebr\u00e4u zum Zweiten - La Ballade<\/title>\n<meta name=\"description\" content=\"Hinweise auf ein Buch mit Gebr\u00e4u, ein zweites mit Geb\u00e4ck und weiteren Lesestoff, der schon zu haben oder demn\u00e4chst zu erwarten ist.\" \/>\n<meta name=\"robots\" content=\"index, follow, max-snippet:-1, max-image-preview:large, max-video-preview:-1\" \/>\n<link rel=\"canonical\" href=\"https:\/\/laballade.de\/wordpress\/gebraeu-zum-zweiten\/\" \/>\n<meta property=\"og:locale\" content=\"de_DE\" \/>\n<meta property=\"og:type\" content=\"article\" \/>\n<meta property=\"og:title\" content=\"Gebr\u00e4u zum Zweiten - La Ballade\" \/>\n<meta property=\"og:description\" content=\"Hinweise auf ein Buch mit Gebr\u00e4u, ein zweites mit Geb\u00e4ck und weiteren Lesestoff, der schon zu haben oder demn\u00e4chst zu erwarten ist.\" \/>\n<meta property=\"og:url\" content=\"https:\/\/laballade.de\/wordpress\/gebraeu-zum-zweiten\/\" \/>\n<meta property=\"og:site_name\" content=\"La Ballade\" \/>\n<meta property=\"article:published_time\" content=\"2025-03-25T21:49:52+00:00\" \/>\n<meta property=\"article:modified_time\" content=\"2025-04-05T11:31:17+00:00\" \/>\n<meta property=\"og:image\" content=\"https:\/\/laballade.de\/wordpress\/wp-content\/uploads\/2025\/03\/Brew-it-yourself-274x300.jpg\" \/>\n<meta name=\"author\" content=\"Susanne\" \/>\n<meta name=\"twitter:card\" content=\"summary_large_image\" \/>\n<meta name=\"twitter:label1\" content=\"Verfasst von\" \/>\n\t<meta name=\"twitter:data1\" content=\"Susanne\" \/>\n\t<meta name=\"twitter:label2\" content=\"Gesch\u00e4tzte Lesezeit\" \/>\n\t<meta name=\"twitter:data2\" content=\"2\u00a0Minuten\" \/>\n<script type=\"application\/ld+json\" class=\"yoast-schema-graph\">{\"@context\":\"https:\\\/\\\/schema.org\",\"@graph\":[{\"@type\":\"Article\",\"@id\":\"https:\\\/\\\/laballade.de\\\/wordpress\\\/gebraeu-zum-zweiten\\\/#article\",\"isPartOf\":{\"@id\":\"https:\\\/\\\/laballade.de\\\/wordpress\\\/gebraeu-zum-zweiten\\\/\"},\"author\":{\"name\":\"Susanne\",\"@id\":\"https:\\\/\\\/laballade.de\\\/wordpress\\\/#\\\/schema\\\/person\\\/6fadccd64c10acbfe6c9d563789d29a1\"},\"headline\":\"Gebr\u00e4u zum Zweiten\",\"datePublished\":\"2025-03-25T21:49:52+00:00\",\"dateModified\":\"2025-04-05T11:31:17+00:00\",\"mainEntityOfPage\":{\"@id\":\"https:\\\/\\\/laballade.de\\\/wordpress\\\/gebraeu-zum-zweiten\\\/\"},\"wordCount\":269,\"commentCount\":0,\"publisher\":{\"@id\":\"https:\\\/\\\/laballade.de\\\/wordpress\\\/#\\\/schema\\\/person\\\/6fadccd64c10acbfe6c9d563789d29a1\"},\"image\":{\"@id\":\"https:\\\/\\\/laballade.de\\\/wordpress\\\/gebraeu-zum-zweiten\\\/#primaryimage\"},\"thumbnailUrl\":\"https:\\\/\\\/laballade.de\\\/wordpress\\\/wp-content\\\/uploads\\\/2025\\\/03\\\/Brew-it-yourself-274x300.jpg\",\"keywords\":[\"Backen\",\"Brauen\",\"Englisch\",\"Fantasy\",\"Kurzgeschichten\",\"M\u00e4rchen\",\"Roman\",\"Spanisch\",\"\u00dcbersetzungen\"],\"articleSection\":[\"Echtes Essen\",\"Geschichten\"],\"inLanguage\":\"de\",\"potentialAction\":[{\"@type\":\"CommentAction\",\"name\":\"Comment\",\"target\":[\"https:\\\/\\\/laballade.de\\\/wordpress\\\/gebraeu-zum-zweiten\\\/#respond\"]}]},{\"@type\":\"WebPage\",\"@id\":\"https:\\\/\\\/laballade.de\\\/wordpress\\\/gebraeu-zum-zweiten\\\/\",\"url\":\"https:\\\/\\\/laballade.de\\\/wordpress\\\/gebraeu-zum-zweiten\\\/\",\"name\":\"Gebr\u00e4u zum Zweiten - La Ballade\",\"isPartOf\":{\"@id\":\"https:\\\/\\\/laballade.de\\\/wordpress\\\/#website\"},\"primaryImageOfPage\":{\"@id\":\"https:\\\/\\\/laballade.de\\\/wordpress\\\/gebraeu-zum-zweiten\\\/#primaryimage\"},\"image\":{\"@id\":\"https:\\\/\\\/laballade.de\\\/wordpress\\\/gebraeu-zum-zweiten\\\/#primaryimage\"},\"thumbnailUrl\":\"https:\\\/\\\/laballade.de\\\/wordpress\\\/wp-content\\\/uploads\\\/2025\\\/03\\\/Brew-it-yourself-274x300.jpg\",\"datePublished\":\"2025-03-25T21:49:52+00:00\",\"dateModified\":\"2025-04-05T11:31:17+00:00\",\"description\":\"Hinweise auf ein Buch mit Gebr\u00e4u, ein zweites mit Geb\u00e4ck und weiteren Lesestoff, der schon zu haben oder demn\u00e4chst zu erwarten ist.\",\"breadcrumb\":{\"@id\":\"https:\\\/\\\/laballade.de\\\/wordpress\\\/gebraeu-zum-zweiten\\\/#breadcrumb\"},\"inLanguage\":\"de\",\"potentialAction\":[{\"@type\":\"ReadAction\",\"target\":[\"https:\\\/\\\/laballade.de\\\/wordpress\\\/gebraeu-zum-zweiten\\\/\"]}]},{\"@type\":\"ImageObject\",\"inLanguage\":\"de\",\"@id\":\"https:\\\/\\\/laballade.de\\\/wordpress\\\/gebraeu-zum-zweiten\\\/#primaryimage\",\"url\":\"https:\\\/\\\/laballade.de\\\/wordpress\\\/wp-content\\\/uploads\\\/2025\\\/03\\\/Brew-it-yourself-274x300.jpg\",\"contentUrl\":\"https:\\\/\\\/laballade.de\\\/wordpress\\\/wp-content\\\/uploads\\\/2025\\\/03\\\/Brew-it-yourself-274x300.jpg\"},{\"@type\":\"BreadcrumbList\",\"@id\":\"https:\\\/\\\/laballade.de\\\/wordpress\\\/gebraeu-zum-zweiten\\\/#breadcrumb\",\"itemListElement\":[{\"@type\":\"ListItem\",\"position\":1,\"name\":\"Startseite\",\"item\":\"https:\\\/\\\/laballade.de\\\/wordpress\\\/\"},{\"@type\":\"ListItem\",\"position\":2,\"name\":\"Gebr\u00e4u zum Zweiten\"}]},{\"@type\":\"WebSite\",\"@id\":\"https:\\\/\\\/laballade.de\\\/wordpress\\\/#website\",\"url\":\"https:\\\/\\\/laballade.de\\\/wordpress\\\/\",\"name\":\"La Ballade\",\"description\":\"Geschichten und Musik\",\"publisher\":{\"@id\":\"https:\\\/\\\/laballade.de\\\/wordpress\\\/#\\\/schema\\\/person\\\/6fadccd64c10acbfe6c9d563789d29a1\"},\"potentialAction\":[{\"@type\":\"SearchAction\",\"target\":{\"@type\":\"EntryPoint\",\"urlTemplate\":\"https:\\\/\\\/laballade.de\\\/wordpress\\\/?s={search_term_string}\"},\"query-input\":{\"@type\":\"PropertyValueSpecification\",\"valueRequired\":true,\"valueName\":\"search_term_string\"}}],\"inLanguage\":\"de\"},{\"@type\":[\"Person\",\"Organization\"],\"@id\":\"https:\\\/\\\/laballade.de\\\/wordpress\\\/#\\\/schema\\\/person\\\/6fadccd64c10acbfe6c9d563789d29a1\",\"name\":\"Susanne\",\"logo\":{\"@id\":\"https:\\\/\\\/laballade.de\\\/wordpress\\\/#\\\/schema\\\/person\\\/image\\\/\"},\"sameAs\":[\"https:\\\/\\\/www.laballade.de\"]}]}<\/script>\n<!-- \/ Yoast SEO plugin. -->","yoast_head_json":{"title":"Gebr\u00e4u zum Zweiten - La Ballade","description":"Hinweise auf ein Buch mit Gebr\u00e4u, ein zweites mit Geb\u00e4ck und weiteren Lesestoff, der schon zu haben oder demn\u00e4chst zu erwarten ist.","robots":{"index":"index","follow":"follow","max-snippet":"max-snippet:-1","max-image-preview":"max-image-preview:large","max-video-preview":"max-video-preview:-1"},"canonical":"https:\/\/laballade.de\/wordpress\/gebraeu-zum-zweiten\/","og_locale":"de_DE","og_type":"article","og_title":"Gebr\u00e4u zum Zweiten - La Ballade","og_description":"Hinweise auf ein Buch mit Gebr\u00e4u, ein zweites mit Geb\u00e4ck und weiteren Lesestoff, der schon zu haben oder demn\u00e4chst zu erwarten ist.","og_url":"https:\/\/laballade.de\/wordpress\/gebraeu-zum-zweiten\/","og_site_name":"La Ballade","article_published_time":"2025-03-25T21:49:52+00:00","article_modified_time":"2025-04-05T11:31:17+00:00","og_image":[{"url":"https:\/\/laballade.de\/wordpress\/wp-content\/uploads\/2025\/03\/Brew-it-yourself-274x300.jpg","type":"","width":"","height":""}],"author":"Susanne","twitter_card":"summary_large_image","twitter_misc":{"Verfasst von":"Susanne","Gesch\u00e4tzte Lesezeit":"2\u00a0Minuten"},"schema":{"@context":"https:\/\/schema.org","@graph":[{"@type":"Article","@id":"https:\/\/laballade.de\/wordpress\/gebraeu-zum-zweiten\/#article","isPartOf":{"@id":"https:\/\/laballade.de\/wordpress\/gebraeu-zum-zweiten\/"},"author":{"name":"Susanne","@id":"https:\/\/laballade.de\/wordpress\/#\/schema\/person\/6fadccd64c10acbfe6c9d563789d29a1"},"headline":"Gebr\u00e4u zum Zweiten","datePublished":"2025-03-25T21:49:52+00:00","dateModified":"2025-04-05T11:31:17+00:00","mainEntityOfPage":{"@id":"https:\/\/laballade.de\/wordpress\/gebraeu-zum-zweiten\/"},"wordCount":269,"commentCount":0,"publisher":{"@id":"https:\/\/laballade.de\/wordpress\/#\/schema\/person\/6fadccd64c10acbfe6c9d563789d29a1"},"image":{"@id":"https:\/\/laballade.de\/wordpress\/gebraeu-zum-zweiten\/#primaryimage"},"thumbnailUrl":"https:\/\/laballade.de\/wordpress\/wp-content\/uploads\/2025\/03\/Brew-it-yourself-274x300.jpg","keywords":["Backen","Brauen","Englisch","Fantasy","Kurzgeschichten","M\u00e4rchen","Roman","Spanisch","\u00dcbersetzungen"],"articleSection":["Echtes Essen","Geschichten"],"inLanguage":"de","potentialAction":[{"@type":"CommentAction","name":"Comment","target":["https:\/\/laballade.de\/wordpress\/gebraeu-zum-zweiten\/#respond"]}]},{"@type":"WebPage","@id":"https:\/\/laballade.de\/wordpress\/gebraeu-zum-zweiten\/","url":"https:\/\/laballade.de\/wordpress\/gebraeu-zum-zweiten\/","name":"Gebr\u00e4u zum Zweiten - La Ballade","isPartOf":{"@id":"https:\/\/laballade.de\/wordpress\/#website"},"primaryImageOfPage":{"@id":"https:\/\/laballade.de\/wordpress\/gebraeu-zum-zweiten\/#primaryimage"},"image":{"@id":"https:\/\/laballade.de\/wordpress\/gebraeu-zum-zweiten\/#primaryimage"},"thumbnailUrl":"https:\/\/laballade.de\/wordpress\/wp-content\/uploads\/2025\/03\/Brew-it-yourself-274x300.jpg","datePublished":"2025-03-25T21:49:52+00:00","dateModified":"2025-04-05T11:31:17+00:00","description":"Hinweise auf ein Buch mit Gebr\u00e4u, ein zweites mit Geb\u00e4ck und weiteren Lesestoff, der schon zu haben oder demn\u00e4chst zu erwarten ist.","breadcrumb":{"@id":"https:\/\/laballade.de\/wordpress\/gebraeu-zum-zweiten\/#breadcrumb"},"inLanguage":"de","potentialAction":[{"@type":"ReadAction","target":["https:\/\/laballade.de\/wordpress\/gebraeu-zum-zweiten\/"]}]},{"@type":"ImageObject","inLanguage":"de","@id":"https:\/\/laballade.de\/wordpress\/gebraeu-zum-zweiten\/#primaryimage","url":"https:\/\/laballade.de\/wordpress\/wp-content\/uploads\/2025\/03\/Brew-it-yourself-274x300.jpg","contentUrl":"https:\/\/laballade.de\/wordpress\/wp-content\/uploads\/2025\/03\/Brew-it-yourself-274x300.jpg"},{"@type":"BreadcrumbList","@id":"https:\/\/laballade.de\/wordpress\/gebraeu-zum-zweiten\/#breadcrumb","itemListElement":[{"@type":"ListItem","position":1,"name":"Startseite","item":"https:\/\/laballade.de\/wordpress\/"},{"@type":"ListItem","position":2,"name":"Gebr\u00e4u zum Zweiten"}]},{"@type":"WebSite","@id":"https:\/\/laballade.de\/wordpress\/#website","url":"https:\/\/laballade.de\/wordpress\/","name":"La Ballade","description":"Geschichten und Musik","publisher":{"@id":"https:\/\/laballade.de\/wordpress\/#\/schema\/person\/6fadccd64c10acbfe6c9d563789d29a1"},"potentialAction":[{"@type":"SearchAction","target":{"@type":"EntryPoint","urlTemplate":"https:\/\/laballade.de\/wordpress\/?s={search_term_string}"},"query-input":{"@type":"PropertyValueSpecification","valueRequired":true,"valueName":"search_term_string"}}],"inLanguage":"de"},{"@type":["Person","Organization"],"@id":"https:\/\/laballade.de\/wordpress\/#\/schema\/person\/6fadccd64c10acbfe6c9d563789d29a1","name":"Susanne","logo":{"@id":"https:\/\/laballade.de\/wordpress\/#\/schema\/person\/image\/"},"sameAs":["https:\/\/www.laballade.de"]}]}},"_links":{"self":[{"href":"https:\/\/laballade.de\/wordpress\/wp-json\/wp\/v2\/posts\/6265","targetHints":{"allow":["GET"]}}],"collection":[{"href":"https:\/\/laballade.de\/wordpress\/wp-json\/wp\/v2\/posts"}],"about":[{"href":"https:\/\/laballade.de\/wordpress\/wp-json\/wp\/v2\/types\/post"}],"author":[{"embeddable":true,"href":"https:\/\/laballade.de\/wordpress\/wp-json\/wp\/v2\/users\/1"}],"replies":[{"embeddable":true,"href":"https:\/\/laballade.de\/wordpress\/wp-json\/wp\/v2\/comments?post=6265"}],"version-history":[{"count":11,"href":"https:\/\/laballade.de\/wordpress\/wp-json\/wp\/v2\/posts\/6265\/revisions"}],"predecessor-version":[{"id":6293,"href":"https:\/\/laballade.de\/wordpress\/wp-json\/wp\/v2\/posts\/6265\/revisions\/6293"}],"wp:attachment":[{"href":"https:\/\/laballade.de\/wordpress\/wp-json\/wp\/v2\/media?parent=6265"}],"wp:term":[{"taxonomy":"category","embeddable":true,"href":"https:\/\/laballade.de\/wordpress\/wp-json\/wp\/v2\/categories?post=6265"},{"taxonomy":"post_tag","embeddable":true,"href":"https:\/\/laballade.de\/wordpress\/wp-json\/wp\/v2\/tags?post=6265"}],"curies":[{"name":"wp","href":"https:\/\/api.w.org\/{rel}","templated":true}]}}