{"id":6243,"date":"2024-12-16T18:21:45","date_gmt":"2024-12-16T17:21:45","guid":{"rendered":"https:\/\/laballade.de\/wordpress\/?p=6243"},"modified":"2024-12-16T18:21:45","modified_gmt":"2024-12-16T17:21:45","slug":"adventliches-orgelkonzert-und-noch-mehr","status":"publish","type":"post","link":"https:\/\/laballade.de\/wordpress\/adventliches-orgelkonzert-und-noch-mehr\/","title":{"rendered":"Adventliches Orgelkonzert und noch mehr"},"content":{"rendered":"<p>Ein kleines adventliches Orgelkonzert mit Andrea Hartenfeller:<\/p>\n<p><a href=\"https:\/\/rankett.net\/w\/nfyzMghbW2Nw23yZ8HLwpY\">https:\/\/rankett.net\/w\/nfyzMghbW2Nw23yZ8HLwpY<\/a><\/p>\n<p>Nach dem dritten Advent k\u00f6nnte man langsam in der Weihnachtszeit ankommen. Ganz schaffe ich es noch nicht. Ein paar gr\u00f6\u00dfere Projekte sind f\u00fcr dieses Jahr erst einmal abgeschlossen, darunter der Novemberroman.<\/p>\n<p>Es gab noch ein Nest voll Steppenlaufvogelk\u00fcken &#8211; eins ist herausgefallen und Nurdike hat es wieder aufgesammelt \u2013 und einen ziemlich uneinsichtigen Ardwold.<br \/>\nThoig der Durstige, der in <em><a href=\"https:\/\/laballade.de\/wordpress\/bibliothek\/geschriebenes\/leseprobe-das-schwert-des-wilden-landes\/\">Das Schwert des Wilden Landes<\/a><\/em> seinen gro\u00dfen Auftritt als Gletschermumie hat, durfte sich noch lebend einmischen und ein paar S\u00e4tze sagen. Zu trinken hat er allerdings nichts bekommen.<br \/>\n61.158 W\u00f6rter sind es geworden, bisher der l\u00e4ngste solche Roman mit Ende. Es bleiben etliche lose F\u00e4den, die ich bei der \u00dcberarbeitung verwahren muss. Das d\u00fcrfte noch ein paar tausend W\u00f6rter liefern, ich wei\u00df aber noch nicht, wann das an der Reihe ist.<\/p>\n<p>Nat\u00fcrlich m\u00f6chte ich n\u00e4chste Woche auch etwas Lesestoff zu Weihnachten pr\u00e4sentieren. Das k\u00f6nnte klappen, aber auch nicht. Wer Lust auf eine winterliche Geschichte hat, kann schon einmal <a href=\"https:\/\/laballade.de\/wordpress\/bibliothek\/geschriebenes\/leseprobe-schatzzeiger\/\">hier<\/a> vorbeischauen.<\/p>\n<p>Ansonsten habe ich Brot gebacken und Nusskrokant fabriziert. Was das Brot angeht, sollte ich wohl mal wieder auf Hefe umsteigen. Soda \u00fcberzeugt mich nicht so ganz. Das Krokant-Rezept stammt aus dem Buch <a href=\"https:\/\/buchshop.bod.de\/33-suesse-rezepte-aus-der-vorratskammer-shermin-arif-9783752606102\"><i>33 s\u00fc\u00dfe Rezepte aus der Vorratskammer<\/i><\/a>, und es hat genau so funktioniert wie gedacht: Ich habe ein paar Dosen aus dem K\u00fcchenregal geleert. Jetzt ist da wieder Platz f\u00fcr die \u00dcberreste der weihnachtlichen Kochaktion.<\/p>\n<p>In diesem Jahr wird nicht nur gebacken, sondern auch gebraut. Schlie\u00dflich habe ich im Sommer ein einschl\u00e4giges Buch \u00fcbersetzt. Geplant ist au\u00dferdem die vegetarische Abwandlung eines historischen Suppenrezepts, das ich vor vielen Jahren in einem Kurs bei <a href=\"https:\/\/www.danza-vosolvia.de\/\">Danza Vosolvia<\/a> gelernt habe. Ich werde berichten, wie sich diese Experimente bew\u00e4hren.<\/p>\n","protected":false},"excerpt":{"rendered":"<p>Ein kleines adventliches Orgelkonzert mit Andrea Hartenfeller: https:\/\/rankett.net\/w\/nfyzMghbW2Nw23yZ8HLwpY Nach dem dritten Advent k\u00f6nnte man langsam in der Weihnachtszeit ankommen. Ganz schaffe ich es noch nicht. Ein paar gr\u00f6\u00dfere Projekte sind f\u00fcr dieses Jahr erst einmal abgeschlossen, darunter der Novemberroman. Es gab noch ein Nest voll Steppenlaufvogelk\u00fcken &#8211; eins ist herausgefallen und Nurdike hat es wieder [&hellip;]<\/p>\n","protected":false},"author":1,"featured_media":0,"comment_status":"open","ping_status":"open","sticky":false,"template":"","format":"standard","meta":{"footnotes":""},"categories":[5,8,20],"tags":[],"class_list":["post-6243","post","type-post","status-publish","format-standard","hentry","category-echtes-essen","category-geschichten","category-musik"],"yoast_head":"<!-- This site is optimized with the Yoast SEO plugin v27.4 - https:\/\/yoast.com\/product\/yoast-seo-wordpress\/ -->\n<title>Adventliches Orgelkonzert und noch mehr - La Ballade<\/title>\n<meta name=\"description\" content=\"Link zu einem adventlichen Orgelkonzert, Koch-, Back- und Braupl\u00e4ne und dazu ein paar Hinweise auf Geschichten und andere B\u00fccher\" \/>\n<meta name=\"robots\" content=\"index, follow, max-snippet:-1, max-image-preview:large, max-video-preview:-1\" \/>\n<link rel=\"canonical\" href=\"https:\/\/laballade.de\/wordpress\/adventliches-orgelkonzert-und-noch-mehr\/\" \/>\n<meta property=\"og:locale\" content=\"de_DE\" \/>\n<meta property=\"og:type\" content=\"article\" \/>\n<meta property=\"og:title\" content=\"Adventliches Orgelkonzert und noch mehr - La Ballade\" \/>\n<meta property=\"og:description\" content=\"Link zu einem adventlichen Orgelkonzert, Koch-, Back- und Braupl\u00e4ne und dazu ein paar Hinweise auf Geschichten und andere B\u00fccher\" \/>\n<meta property=\"og:url\" content=\"https:\/\/laballade.de\/wordpress\/adventliches-orgelkonzert-und-noch-mehr\/\" \/>\n<meta property=\"og:site_name\" content=\"La Ballade\" \/>\n<meta property=\"article:published_time\" content=\"2024-12-16T17:21:45+00:00\" \/>\n<meta name=\"author\" content=\"Susanne\" \/>\n<meta name=\"twitter:card\" content=\"summary_large_image\" \/>\n<meta name=\"twitter:label1\" content=\"Verfasst von\" \/>\n\t<meta name=\"twitter:data1\" content=\"Susanne\" \/>\n\t<meta name=\"twitter:label2\" content=\"Gesch\u00e4tzte Lesezeit\" \/>\n\t<meta name=\"twitter:data2\" content=\"2\u00a0Minuten\" \/>\n<script type=\"application\/ld+json\" class=\"yoast-schema-graph\">{\"@context\":\"https:\\\/\\\/schema.org\",\"@graph\":[{\"@type\":\"Article\",\"@id\":\"https:\\\/\\\/laballade.de\\\/wordpress\\\/adventliches-orgelkonzert-und-noch-mehr\\\/#article\",\"isPartOf\":{\"@id\":\"https:\\\/\\\/laballade.de\\\/wordpress\\\/adventliches-orgelkonzert-und-noch-mehr\\\/\"},\"author\":{\"name\":\"Susanne\",\"@id\":\"https:\\\/\\\/laballade.de\\\/wordpress\\\/#\\\/schema\\\/person\\\/6fadccd64c10acbfe6c9d563789d29a1\"},\"headline\":\"Adventliches Orgelkonzert und noch mehr\",\"datePublished\":\"2024-12-16T17:21:45+00:00\",\"mainEntityOfPage\":{\"@id\":\"https:\\\/\\\/laballade.de\\\/wordpress\\\/adventliches-orgelkonzert-und-noch-mehr\\\/\"},\"wordCount\":314,\"commentCount\":0,\"publisher\":{\"@id\":\"https:\\\/\\\/laballade.de\\\/wordpress\\\/#\\\/schema\\\/person\\\/6fadccd64c10acbfe6c9d563789d29a1\"},\"articleSection\":[\"Echtes Essen\",\"Geschichten\",\"Musik\"],\"inLanguage\":\"de\",\"potentialAction\":[{\"@type\":\"CommentAction\",\"name\":\"Comment\",\"target\":[\"https:\\\/\\\/laballade.de\\\/wordpress\\\/adventliches-orgelkonzert-und-noch-mehr\\\/#respond\"]}]},{\"@type\":\"WebPage\",\"@id\":\"https:\\\/\\\/laballade.de\\\/wordpress\\\/adventliches-orgelkonzert-und-noch-mehr\\\/\",\"url\":\"https:\\\/\\\/laballade.de\\\/wordpress\\\/adventliches-orgelkonzert-und-noch-mehr\\\/\",\"name\":\"Adventliches Orgelkonzert und noch mehr - La Ballade\",\"isPartOf\":{\"@id\":\"https:\\\/\\\/laballade.de\\\/wordpress\\\/#website\"},\"datePublished\":\"2024-12-16T17:21:45+00:00\",\"description\":\"Link zu einem adventlichen Orgelkonzert, Koch-, Back- und Braupl\u00e4ne und dazu ein paar Hinweise auf Geschichten und andere B\u00fccher\",\"breadcrumb\":{\"@id\":\"https:\\\/\\\/laballade.de\\\/wordpress\\\/adventliches-orgelkonzert-und-noch-mehr\\\/#breadcrumb\"},\"inLanguage\":\"de\",\"potentialAction\":[{\"@type\":\"ReadAction\",\"target\":[\"https:\\\/\\\/laballade.de\\\/wordpress\\\/adventliches-orgelkonzert-und-noch-mehr\\\/\"]}]},{\"@type\":\"BreadcrumbList\",\"@id\":\"https:\\\/\\\/laballade.de\\\/wordpress\\\/adventliches-orgelkonzert-und-noch-mehr\\\/#breadcrumb\",\"itemListElement\":[{\"@type\":\"ListItem\",\"position\":1,\"name\":\"Startseite\",\"item\":\"https:\\\/\\\/laballade.de\\\/wordpress\\\/\"},{\"@type\":\"ListItem\",\"position\":2,\"name\":\"Adventliches Orgelkonzert und noch mehr\"}]},{\"@type\":\"WebSite\",\"@id\":\"https:\\\/\\\/laballade.de\\\/wordpress\\\/#website\",\"url\":\"https:\\\/\\\/laballade.de\\\/wordpress\\\/\",\"name\":\"La Ballade\",\"description\":\"Geschichten und Musik\",\"publisher\":{\"@id\":\"https:\\\/\\\/laballade.de\\\/wordpress\\\/#\\\/schema\\\/person\\\/6fadccd64c10acbfe6c9d563789d29a1\"},\"potentialAction\":[{\"@type\":\"SearchAction\",\"target\":{\"@type\":\"EntryPoint\",\"urlTemplate\":\"https:\\\/\\\/laballade.de\\\/wordpress\\\/?s={search_term_string}\"},\"query-input\":{\"@type\":\"PropertyValueSpecification\",\"valueRequired\":true,\"valueName\":\"search_term_string\"}}],\"inLanguage\":\"de\"},{\"@type\":[\"Person\",\"Organization\"],\"@id\":\"https:\\\/\\\/laballade.de\\\/wordpress\\\/#\\\/schema\\\/person\\\/6fadccd64c10acbfe6c9d563789d29a1\",\"name\":\"Susanne\",\"logo\":{\"@id\":\"https:\\\/\\\/laballade.de\\\/wordpress\\\/#\\\/schema\\\/person\\\/image\\\/\"},\"sameAs\":[\"https:\\\/\\\/www.laballade.de\"]}]}<\/script>\n<!-- \/ Yoast SEO plugin. -->","yoast_head_json":{"title":"Adventliches Orgelkonzert und noch mehr - La Ballade","description":"Link zu einem adventlichen Orgelkonzert, Koch-, Back- und Braupl\u00e4ne und dazu ein paar Hinweise auf Geschichten und andere B\u00fccher","robots":{"index":"index","follow":"follow","max-snippet":"max-snippet:-1","max-image-preview":"max-image-preview:large","max-video-preview":"max-video-preview:-1"},"canonical":"https:\/\/laballade.de\/wordpress\/adventliches-orgelkonzert-und-noch-mehr\/","og_locale":"de_DE","og_type":"article","og_title":"Adventliches Orgelkonzert und noch mehr - La Ballade","og_description":"Link zu einem adventlichen Orgelkonzert, Koch-, Back- und Braupl\u00e4ne und dazu ein paar Hinweise auf Geschichten und andere B\u00fccher","og_url":"https:\/\/laballade.de\/wordpress\/adventliches-orgelkonzert-und-noch-mehr\/","og_site_name":"La Ballade","article_published_time":"2024-12-16T17:21:45+00:00","author":"Susanne","twitter_card":"summary_large_image","twitter_misc":{"Verfasst von":"Susanne","Gesch\u00e4tzte Lesezeit":"2\u00a0Minuten"},"schema":{"@context":"https:\/\/schema.org","@graph":[{"@type":"Article","@id":"https:\/\/laballade.de\/wordpress\/adventliches-orgelkonzert-und-noch-mehr\/#article","isPartOf":{"@id":"https:\/\/laballade.de\/wordpress\/adventliches-orgelkonzert-und-noch-mehr\/"},"author":{"name":"Susanne","@id":"https:\/\/laballade.de\/wordpress\/#\/schema\/person\/6fadccd64c10acbfe6c9d563789d29a1"},"headline":"Adventliches Orgelkonzert und noch mehr","datePublished":"2024-12-16T17:21:45+00:00","mainEntityOfPage":{"@id":"https:\/\/laballade.de\/wordpress\/adventliches-orgelkonzert-und-noch-mehr\/"},"wordCount":314,"commentCount":0,"publisher":{"@id":"https:\/\/laballade.de\/wordpress\/#\/schema\/person\/6fadccd64c10acbfe6c9d563789d29a1"},"articleSection":["Echtes Essen","Geschichten","Musik"],"inLanguage":"de","potentialAction":[{"@type":"CommentAction","name":"Comment","target":["https:\/\/laballade.de\/wordpress\/adventliches-orgelkonzert-und-noch-mehr\/#respond"]}]},{"@type":"WebPage","@id":"https:\/\/laballade.de\/wordpress\/adventliches-orgelkonzert-und-noch-mehr\/","url":"https:\/\/laballade.de\/wordpress\/adventliches-orgelkonzert-und-noch-mehr\/","name":"Adventliches Orgelkonzert und noch mehr - La Ballade","isPartOf":{"@id":"https:\/\/laballade.de\/wordpress\/#website"},"datePublished":"2024-12-16T17:21:45+00:00","description":"Link zu einem adventlichen Orgelkonzert, Koch-, Back- und Braupl\u00e4ne und dazu ein paar Hinweise auf Geschichten und andere B\u00fccher","breadcrumb":{"@id":"https:\/\/laballade.de\/wordpress\/adventliches-orgelkonzert-und-noch-mehr\/#breadcrumb"},"inLanguage":"de","potentialAction":[{"@type":"ReadAction","target":["https:\/\/laballade.de\/wordpress\/adventliches-orgelkonzert-und-noch-mehr\/"]}]},{"@type":"BreadcrumbList","@id":"https:\/\/laballade.de\/wordpress\/adventliches-orgelkonzert-und-noch-mehr\/#breadcrumb","itemListElement":[{"@type":"ListItem","position":1,"name":"Startseite","item":"https:\/\/laballade.de\/wordpress\/"},{"@type":"ListItem","position":2,"name":"Adventliches Orgelkonzert und noch mehr"}]},{"@type":"WebSite","@id":"https:\/\/laballade.de\/wordpress\/#website","url":"https:\/\/laballade.de\/wordpress\/","name":"La Ballade","description":"Geschichten und Musik","publisher":{"@id":"https:\/\/laballade.de\/wordpress\/#\/schema\/person\/6fadccd64c10acbfe6c9d563789d29a1"},"potentialAction":[{"@type":"SearchAction","target":{"@type":"EntryPoint","urlTemplate":"https:\/\/laballade.de\/wordpress\/?s={search_term_string}"},"query-input":{"@type":"PropertyValueSpecification","valueRequired":true,"valueName":"search_term_string"}}],"inLanguage":"de"},{"@type":["Person","Organization"],"@id":"https:\/\/laballade.de\/wordpress\/#\/schema\/person\/6fadccd64c10acbfe6c9d563789d29a1","name":"Susanne","logo":{"@id":"https:\/\/laballade.de\/wordpress\/#\/schema\/person\/image\/"},"sameAs":["https:\/\/www.laballade.de"]}]}},"_links":{"self":[{"href":"https:\/\/laballade.de\/wordpress\/wp-json\/wp\/v2\/posts\/6243","targetHints":{"allow":["GET"]}}],"collection":[{"href":"https:\/\/laballade.de\/wordpress\/wp-json\/wp\/v2\/posts"}],"about":[{"href":"https:\/\/laballade.de\/wordpress\/wp-json\/wp\/v2\/types\/post"}],"author":[{"embeddable":true,"href":"https:\/\/laballade.de\/wordpress\/wp-json\/wp\/v2\/users\/1"}],"replies":[{"embeddable":true,"href":"https:\/\/laballade.de\/wordpress\/wp-json\/wp\/v2\/comments?post=6243"}],"version-history":[{"count":1,"href":"https:\/\/laballade.de\/wordpress\/wp-json\/wp\/v2\/posts\/6243\/revisions"}],"predecessor-version":[{"id":6247,"href":"https:\/\/laballade.de\/wordpress\/wp-json\/wp\/v2\/posts\/6243\/revisions\/6247"}],"wp:attachment":[{"href":"https:\/\/laballade.de\/wordpress\/wp-json\/wp\/v2\/media?parent=6243"}],"wp:term":[{"taxonomy":"category","embeddable":true,"href":"https:\/\/laballade.de\/wordpress\/wp-json\/wp\/v2\/categories?post=6243"},{"taxonomy":"post_tag","embeddable":true,"href":"https:\/\/laballade.de\/wordpress\/wp-json\/wp\/v2\/tags?post=6243"}],"curies":[{"name":"wp","href":"https:\/\/api.w.org\/{rel}","templated":true}]}}