{"id":6234,"date":"2024-12-01T16:39:55","date_gmt":"2024-12-01T15:39:55","guid":{"rendered":"https:\/\/laballade.de\/wordpress\/?p=6234"},"modified":"2024-12-01T17:37:38","modified_gmt":"2024-12-01T16:37:38","slug":"singet-froehlich-im-advent","status":"publish","type":"post","link":"https:\/\/laballade.de\/wordpress\/singet-froehlich-im-advent\/","title":{"rendered":"Singet fr\u00f6hlich im Advent"},"content":{"rendered":"<p><a href=\"https:\/\/invidious.nerdvpn.de\/watch?v=UMQz9kZY4ME\">https:\/\/invidious.nerdvpn.de\/watch?v=UMQz9kZY4ME<\/a><\/p>\n<p>(Video: Singet fr\u00f6hlich im Advent, EG (Hessen) 536, gespielt auf einem Fl\u00fcgelhorn)<\/p>\n<p>&nbsp;<\/p>\n<p>Gestern Abend habe ich den diesj\u00e4hrigen November #WritingMonth mit gut 52.000 W\u00f6rtern und einem \u00bbgro\u00dfen Gesang\u00ab beendet.<\/p>\n<p>In den beiden Jahren zuvor habe ich mich von der Fantasy-Saga inspirieren lassen, die ich <a href=\"https:\/\/laballade.de\/wordpress\/bibliothek\/uebersetztes\/\">derzeit \u00fcbersetze<\/a>. Das hat Spa\u00df gemacht, und eins der Ergebnisse soll im kommenden Jahr ver\u00f6ffentlicht werden, Arbeitstitel \u00bbDer Verbannte auf dem Eisernhof\u00ab. F\u00fcr dieses Jahr konnte ich dem allerdings keine neue Seite abgewinnen.<\/p>\n<p>F\u00fcr dieses Jahr habe ich mich ausdr\u00fccklich nach anderen Inspirationsquellen umgesehen. Es wurden eine H\u00e4ndel-Oper, eine Rittersage, \u00fcber die ich im Urlaub beim Wandern gestolpert bin, und das diesj\u00e4hrige Koch- oder vielmehr Braubuch.<\/p>\n<h4>Von Orks und Menschen<\/h4>\n<p>Die wichtigste Grundlage war allerdings eine Reihe, f\u00fcr die ich zurzeit lektoriere &#8211; sehr freie Nacherz\u00e4hlungen nordischer Sagen. Dabei sto\u00dfe ich immer wieder auf Stellen, an denen ich mich frage, ob es wirklich n\u00f6tig ist, die Geschichte so zu erz\u00e4hlen, gerade diese Eigenschaften \/ solche Taten zu heroisieren oder gar zu verg\u00f6ttern. Ein paar, die mir besonders haarstr\u00e4ubend erschienen, habe ich herausgepickt und gewendet, hin zu mehr Kooperation, auch unter ziemlich unterschiedlichen Leuten &#8211; hier: Orks und Menschen.<\/p>\n<p>Das Abenteuer spielt in der gleichen Welt wie <a href=\"https:\/\/laballade.de\/wordpress\/bibliothek\/geschriebenes\/leseprobe-das-schwert-des-wilden-landes\/\">\u00bbDas Schwert des Wilden Landes\u00ab<\/a>, nur einige hundert Jahre fr\u00fcher und unz\u00e4hlige Tagesreisen weiter \u00f6stlich. Die Orks dieser Welt sind f\u00fcr ihre Bestrebungen, zum Mond zu fahren (bis dato erfolglos, aber die Entwicklung ist im Gange), und ihren Chorgesang bekannt. Daher der \u00bbgro\u00dfe Gesang\u00ab, nicht im Advent, aber beim Fr\u00fchlingsfest. Diese Tradition ist zum Zeitpunkt der Geschichte schon etabliert. Eine der Figuren bezieht ihre Kenntnisse der orkischen Sprache aus 150 bis 200 Jahre alten Chor\u00e4len. Sie redet also etwas eigenwillig, aber das ist definitiv besser, als die Nachbarn \u00fcberhaupt nicht zu verstehen.<\/p>\n<p>Im Lauf des Dezembers will ich noch einige Szenen schreiben, um die Geschichte komplett zu machen. Bei Gelegenheit werde ich hier davon oder anderen Advents-Aktivit\u00e4ten berichten.<\/p>\n","protected":false},"excerpt":{"rendered":"<p>https:\/\/invidious.nerdvpn.de\/watch?v=UMQz9kZY4ME (Video: Singet fr\u00f6hlich im Advent, EG (Hessen) 536, gespielt auf einem Fl\u00fcgelhorn) &nbsp; Gestern Abend habe ich den diesj\u00e4hrigen November #WritingMonth mit gut 52.000 W\u00f6rtern und einem \u00bbgro\u00dfen Gesang\u00ab beendet. In den beiden Jahren zuvor habe ich mich von der Fantasy-Saga inspirieren lassen, die ich derzeit \u00fcbersetze. Das hat Spa\u00df gemacht, und eins der [&hellip;]<\/p>\n","protected":false},"author":1,"featured_media":0,"comment_status":"open","ping_status":"open","sticky":false,"template":"","format":"standard","meta":{"footnotes":""},"categories":[8,20],"tags":[92,81,28,220],"class_list":["post-6234","post","type-post","status-publish","format-standard","hentry","category-geschichten","category-musik","tag-fantasy","tag-inspiration","tag-roman","tag-writingmonth"],"yoast_head":"<!-- This site is optimized with the Yoast SEO plugin v27.4 - https:\/\/yoast.com\/product\/yoast-seo-wordpress\/ -->\n<title>Singet fr\u00f6hlich im Advent - La Ballade<\/title>\n<meta name=\"description\" content=\"Ein Adventslied und die Abschlussmeldung zum #WritingMonth im November, mit gro\u00dfem Gesang, vielen Inspirationsquellen und Orks\" \/>\n<meta name=\"robots\" content=\"index, follow, max-snippet:-1, max-image-preview:large, max-video-preview:-1\" \/>\n<link rel=\"canonical\" href=\"https:\/\/laballade.de\/wordpress\/singet-froehlich-im-advent\/\" \/>\n<meta property=\"og:locale\" content=\"de_DE\" \/>\n<meta property=\"og:type\" content=\"article\" \/>\n<meta property=\"og:title\" content=\"Singet fr\u00f6hlich im Advent - La Ballade\" \/>\n<meta property=\"og:description\" content=\"Ein Adventslied und die Abschlussmeldung zum #WritingMonth im November, mit gro\u00dfem Gesang, vielen Inspirationsquellen und Orks\" \/>\n<meta property=\"og:url\" content=\"https:\/\/laballade.de\/wordpress\/singet-froehlich-im-advent\/\" \/>\n<meta property=\"og:site_name\" content=\"La Ballade\" \/>\n<meta property=\"article:published_time\" content=\"2024-12-01T15:39:55+00:00\" \/>\n<meta property=\"article:modified_time\" content=\"2024-12-01T16:37:38+00:00\" \/>\n<meta name=\"author\" content=\"Susanne\" \/>\n<meta name=\"twitter:card\" content=\"summary_large_image\" \/>\n<meta name=\"twitter:label1\" content=\"Verfasst von\" \/>\n\t<meta name=\"twitter:data1\" content=\"Susanne\" \/>\n\t<meta name=\"twitter:label2\" content=\"Gesch\u00e4tzte Lesezeit\" \/>\n\t<meta name=\"twitter:data2\" content=\"2\u00a0Minuten\" \/>\n<script type=\"application\/ld+json\" class=\"yoast-schema-graph\">{\"@context\":\"https:\\\/\\\/schema.org\",\"@graph\":[{\"@type\":\"Article\",\"@id\":\"https:\\\/\\\/laballade.de\\\/wordpress\\\/singet-froehlich-im-advent\\\/#article\",\"isPartOf\":{\"@id\":\"https:\\\/\\\/laballade.de\\\/wordpress\\\/singet-froehlich-im-advent\\\/\"},\"author\":{\"name\":\"Susanne\",\"@id\":\"https:\\\/\\\/laballade.de\\\/wordpress\\\/#\\\/schema\\\/person\\\/6fadccd64c10acbfe6c9d563789d29a1\"},\"headline\":\"Singet fr\u00f6hlich im Advent\",\"datePublished\":\"2024-12-01T15:39:55+00:00\",\"dateModified\":\"2024-12-01T16:37:38+00:00\",\"mainEntityOfPage\":{\"@id\":\"https:\\\/\\\/laballade.de\\\/wordpress\\\/singet-froehlich-im-advent\\\/\"},\"wordCount\":353,\"commentCount\":0,\"publisher\":{\"@id\":\"https:\\\/\\\/laballade.de\\\/wordpress\\\/#\\\/schema\\\/person\\\/6fadccd64c10acbfe6c9d563789d29a1\"},\"keywords\":[\"Fantasy\",\"Inspiration\",\"Roman\",\"WritingMonth\"],\"articleSection\":[\"Geschichten\",\"Musik\"],\"inLanguage\":\"de\",\"potentialAction\":[{\"@type\":\"CommentAction\",\"name\":\"Comment\",\"target\":[\"https:\\\/\\\/laballade.de\\\/wordpress\\\/singet-froehlich-im-advent\\\/#respond\"]}]},{\"@type\":\"WebPage\",\"@id\":\"https:\\\/\\\/laballade.de\\\/wordpress\\\/singet-froehlich-im-advent\\\/\",\"url\":\"https:\\\/\\\/laballade.de\\\/wordpress\\\/singet-froehlich-im-advent\\\/\",\"name\":\"Singet fr\u00f6hlich im Advent - La Ballade\",\"isPartOf\":{\"@id\":\"https:\\\/\\\/laballade.de\\\/wordpress\\\/#website\"},\"datePublished\":\"2024-12-01T15:39:55+00:00\",\"dateModified\":\"2024-12-01T16:37:38+00:00\",\"description\":\"Ein Adventslied und die Abschlussmeldung zum #WritingMonth im November, mit gro\u00dfem Gesang, vielen Inspirationsquellen und Orks\",\"breadcrumb\":{\"@id\":\"https:\\\/\\\/laballade.de\\\/wordpress\\\/singet-froehlich-im-advent\\\/#breadcrumb\"},\"inLanguage\":\"de\",\"potentialAction\":[{\"@type\":\"ReadAction\",\"target\":[\"https:\\\/\\\/laballade.de\\\/wordpress\\\/singet-froehlich-im-advent\\\/\"]}]},{\"@type\":\"BreadcrumbList\",\"@id\":\"https:\\\/\\\/laballade.de\\\/wordpress\\\/singet-froehlich-im-advent\\\/#breadcrumb\",\"itemListElement\":[{\"@type\":\"ListItem\",\"position\":1,\"name\":\"Startseite\",\"item\":\"https:\\\/\\\/laballade.de\\\/wordpress\\\/\"},{\"@type\":\"ListItem\",\"position\":2,\"name\":\"Singet fr\u00f6hlich im Advent\"}]},{\"@type\":\"WebSite\",\"@id\":\"https:\\\/\\\/laballade.de\\\/wordpress\\\/#website\",\"url\":\"https:\\\/\\\/laballade.de\\\/wordpress\\\/\",\"name\":\"La Ballade\",\"description\":\"Geschichten und Musik\",\"publisher\":{\"@id\":\"https:\\\/\\\/laballade.de\\\/wordpress\\\/#\\\/schema\\\/person\\\/6fadccd64c10acbfe6c9d563789d29a1\"},\"potentialAction\":[{\"@type\":\"SearchAction\",\"target\":{\"@type\":\"EntryPoint\",\"urlTemplate\":\"https:\\\/\\\/laballade.de\\\/wordpress\\\/?s={search_term_string}\"},\"query-input\":{\"@type\":\"PropertyValueSpecification\",\"valueRequired\":true,\"valueName\":\"search_term_string\"}}],\"inLanguage\":\"de\"},{\"@type\":[\"Person\",\"Organization\"],\"@id\":\"https:\\\/\\\/laballade.de\\\/wordpress\\\/#\\\/schema\\\/person\\\/6fadccd64c10acbfe6c9d563789d29a1\",\"name\":\"Susanne\",\"logo\":{\"@id\":\"https:\\\/\\\/laballade.de\\\/wordpress\\\/#\\\/schema\\\/person\\\/image\\\/\"},\"sameAs\":[\"https:\\\/\\\/www.laballade.de\"]}]}<\/script>\n<!-- \/ Yoast SEO plugin. -->","yoast_head_json":{"title":"Singet fr\u00f6hlich im Advent - La Ballade","description":"Ein Adventslied und die Abschlussmeldung zum #WritingMonth im November, mit gro\u00dfem Gesang, vielen Inspirationsquellen und Orks","robots":{"index":"index","follow":"follow","max-snippet":"max-snippet:-1","max-image-preview":"max-image-preview:large","max-video-preview":"max-video-preview:-1"},"canonical":"https:\/\/laballade.de\/wordpress\/singet-froehlich-im-advent\/","og_locale":"de_DE","og_type":"article","og_title":"Singet fr\u00f6hlich im Advent - La Ballade","og_description":"Ein Adventslied und die Abschlussmeldung zum #WritingMonth im November, mit gro\u00dfem Gesang, vielen Inspirationsquellen und Orks","og_url":"https:\/\/laballade.de\/wordpress\/singet-froehlich-im-advent\/","og_site_name":"La Ballade","article_published_time":"2024-12-01T15:39:55+00:00","article_modified_time":"2024-12-01T16:37:38+00:00","author":"Susanne","twitter_card":"summary_large_image","twitter_misc":{"Verfasst von":"Susanne","Gesch\u00e4tzte Lesezeit":"2\u00a0Minuten"},"schema":{"@context":"https:\/\/schema.org","@graph":[{"@type":"Article","@id":"https:\/\/laballade.de\/wordpress\/singet-froehlich-im-advent\/#article","isPartOf":{"@id":"https:\/\/laballade.de\/wordpress\/singet-froehlich-im-advent\/"},"author":{"name":"Susanne","@id":"https:\/\/laballade.de\/wordpress\/#\/schema\/person\/6fadccd64c10acbfe6c9d563789d29a1"},"headline":"Singet fr\u00f6hlich im Advent","datePublished":"2024-12-01T15:39:55+00:00","dateModified":"2024-12-01T16:37:38+00:00","mainEntityOfPage":{"@id":"https:\/\/laballade.de\/wordpress\/singet-froehlich-im-advent\/"},"wordCount":353,"commentCount":0,"publisher":{"@id":"https:\/\/laballade.de\/wordpress\/#\/schema\/person\/6fadccd64c10acbfe6c9d563789d29a1"},"keywords":["Fantasy","Inspiration","Roman","WritingMonth"],"articleSection":["Geschichten","Musik"],"inLanguage":"de","potentialAction":[{"@type":"CommentAction","name":"Comment","target":["https:\/\/laballade.de\/wordpress\/singet-froehlich-im-advent\/#respond"]}]},{"@type":"WebPage","@id":"https:\/\/laballade.de\/wordpress\/singet-froehlich-im-advent\/","url":"https:\/\/laballade.de\/wordpress\/singet-froehlich-im-advent\/","name":"Singet fr\u00f6hlich im Advent - La Ballade","isPartOf":{"@id":"https:\/\/laballade.de\/wordpress\/#website"},"datePublished":"2024-12-01T15:39:55+00:00","dateModified":"2024-12-01T16:37:38+00:00","description":"Ein Adventslied und die Abschlussmeldung zum #WritingMonth im November, mit gro\u00dfem Gesang, vielen Inspirationsquellen und Orks","breadcrumb":{"@id":"https:\/\/laballade.de\/wordpress\/singet-froehlich-im-advent\/#breadcrumb"},"inLanguage":"de","potentialAction":[{"@type":"ReadAction","target":["https:\/\/laballade.de\/wordpress\/singet-froehlich-im-advent\/"]}]},{"@type":"BreadcrumbList","@id":"https:\/\/laballade.de\/wordpress\/singet-froehlich-im-advent\/#breadcrumb","itemListElement":[{"@type":"ListItem","position":1,"name":"Startseite","item":"https:\/\/laballade.de\/wordpress\/"},{"@type":"ListItem","position":2,"name":"Singet fr\u00f6hlich im Advent"}]},{"@type":"WebSite","@id":"https:\/\/laballade.de\/wordpress\/#website","url":"https:\/\/laballade.de\/wordpress\/","name":"La Ballade","description":"Geschichten und Musik","publisher":{"@id":"https:\/\/laballade.de\/wordpress\/#\/schema\/person\/6fadccd64c10acbfe6c9d563789d29a1"},"potentialAction":[{"@type":"SearchAction","target":{"@type":"EntryPoint","urlTemplate":"https:\/\/laballade.de\/wordpress\/?s={search_term_string}"},"query-input":{"@type":"PropertyValueSpecification","valueRequired":true,"valueName":"search_term_string"}}],"inLanguage":"de"},{"@type":["Person","Organization"],"@id":"https:\/\/laballade.de\/wordpress\/#\/schema\/person\/6fadccd64c10acbfe6c9d563789d29a1","name":"Susanne","logo":{"@id":"https:\/\/laballade.de\/wordpress\/#\/schema\/person\/image\/"},"sameAs":["https:\/\/www.laballade.de"]}]}},"_links":{"self":[{"href":"https:\/\/laballade.de\/wordpress\/wp-json\/wp\/v2\/posts\/6234","targetHints":{"allow":["GET"]}}],"collection":[{"href":"https:\/\/laballade.de\/wordpress\/wp-json\/wp\/v2\/posts"}],"about":[{"href":"https:\/\/laballade.de\/wordpress\/wp-json\/wp\/v2\/types\/post"}],"author":[{"embeddable":true,"href":"https:\/\/laballade.de\/wordpress\/wp-json\/wp\/v2\/users\/1"}],"replies":[{"embeddable":true,"href":"https:\/\/laballade.de\/wordpress\/wp-json\/wp\/v2\/comments?post=6234"}],"version-history":[{"count":4,"href":"https:\/\/laballade.de\/wordpress\/wp-json\/wp\/v2\/posts\/6234\/revisions"}],"predecessor-version":[{"id":6241,"href":"https:\/\/laballade.de\/wordpress\/wp-json\/wp\/v2\/posts\/6234\/revisions\/6241"}],"wp:attachment":[{"href":"https:\/\/laballade.de\/wordpress\/wp-json\/wp\/v2\/media?parent=6234"}],"wp:term":[{"taxonomy":"category","embeddable":true,"href":"https:\/\/laballade.de\/wordpress\/wp-json\/wp\/v2\/categories?post=6234"},{"taxonomy":"post_tag","embeddable":true,"href":"https:\/\/laballade.de\/wordpress\/wp-json\/wp\/v2\/tags?post=6234"}],"curies":[{"name":"wp","href":"https:\/\/api.w.org\/{rel}","templated":true}]}}