{"id":6206,"date":"2024-10-01T21:06:19","date_gmt":"2024-10-01T19:06:19","guid":{"rendered":"https:\/\/laballade.de\/wordpress\/?p=6206"},"modified":"2024-10-04T09:32:17","modified_gmt":"2024-10-04T07:32:17","slug":"neuerscheinung-das-schwert-des-wilden-landes","status":"publish","type":"post","link":"https:\/\/laballade.de\/wordpress\/neuerscheinung-das-schwert-des-wilden-landes\/","title":{"rendered":"Neuerscheinung &#8211; Das Schwert des Wilden Landes"},"content":{"rendered":"<p><img loading=\"lazy\" decoding=\"async\" class=\"alignleft size-medium wp-image-6208\" src=\"https:\/\/laballade.de\/wordpress\/wp-content\/uploads\/2024\/10\/Das-Schwert-des-Wilden-Landes-200x300.jpg\" alt=\"\" width=\"200\" height=\"300\" srcset=\"https:\/\/laballade.de\/wordpress\/wp-content\/uploads\/2024\/10\/Das-Schwert-des-Wilden-Landes-200x300.jpg 200w, https:\/\/laballade.de\/wordpress\/wp-content\/uploads\/2024\/10\/Das-Schwert-des-Wilden-Landes.jpg 528w\" sizes=\"auto, (max-width: 200px) 100vw, 200px\" \/>Mit dem neuen Monat ist eine Neuerscheinung zu verk\u00fcnden: <em>Das Schwert des Wilden Landes<\/em>, Fantasy-Abenteuer mit sagenhaften Helden, prophetischen Tr\u00e4umen und Fledermauskacke. In \u00e4lteren Beitr\u00e4gen war von diesem Werk gelegentlich die Rede, die gibt es aber nicht mehr, deshalb ein paar aktuellere Bemerkungen dazu.<\/p>\n<p>Das meint der Held Hoss\u00edek vom Bodrawer Moor: \u201eDieser Bericht stammt eindeutig von den Cantavuri. Das liest sich ja, als ob die dicke H\u00e4ndlerin alles eingef\u00e4delt h\u00e4tte und ich in einer Tour vom Pferd gefallen, seekrank geworden oder in Gefangenschaft geraten w\u00e4re. Das schadet meinem Ruf und meiner Stellung beim K\u00f6nig. In dieser Form darf die Geschichte auf keinen Fall weiterverbreitet werden.\u201c<\/p>\n<p>(Reaktion auf einen der #PhantastikPrompts von <a href=\"https:\/\/hendrikthomsen.de\/\">H. Thomsen<\/a> auf Mastodon)<\/p>\n<p>Die Geschichte wurde trotzdem ver\u00f6ffentlicht und alle Welt kann nachlesen, wer sich bei welcher Aufgabe wie geschickt angestellt hat. Ich w\u00fcnsche viel Vergn\u00fcgen dabei.<\/p>\n<h4>Dank<\/h4>\n<p>F\u00fcr die Anregung zum Schreiben und den ersten \u201eAbgabetermin\u201c zum Fertigstellen danke ich zwei dubiosen Kleinverlagen, von denen einer nicht mehr existiert und einer falsch abgebogen ist. (Das steht hier nicht, weil ich die Verlage irgendwie toll finde. Daher auch kein Link. Das soll nur darauf hinweisen, dass aus vermurksten Anf\u00e4ngen am Ende doch noch etwas wachsen kann. Wohl verpackt in einen Dateiordner hatte die Geschichte fast zwanzig Jahre Zeit zum Reifen.)<\/p>\n<p>Dass nach dieser ersten \u201eEndfassung\u201c noch eine bessere entstanden ist, verdanke ich der Odenwald-Therme in Bad K\u00f6nig mit vielen Plotrunden im warmen Wasser und der Bibliothek Waldm\u00fchle in Soltau mit dem sch\u00f6nen Arbeitsplatz w\u00e4hrend des letzten \u00dcberarbeitungsdurchgangs. In dieser Zeit haben mich die oben erw\u00e4hnten PhantastikPrompts und die Gruppe von Unentwegten, die den Hashtag f\u00fcttern und verbreiten, bei der Stange gehalten. F\u00fcr die Begleitung zur Ver\u00f6ffentlichung, insbesondere zum aktuellen Cover, danke ich der Plotgruppe im Tintenzirkel, organisiert von <a href=\"https:\/\/www.reginamars.de\/ueber-mich-2\/\">Regina Mars<\/a>.<\/p>\n<p>K\u00e4uflich zu erwerben ist das Buch z. B. <a href=\"https:\/\/schlapp.buchhandlung.de\/shop\/article\/53986072\/susanne_bonn_das_schwert_des_wilden_landes.html\">hier<\/a>, eine Leseprobe gibt es <a href=\"https:\/\/laballade.de\/wordpress\/bibliothek\/geschriebenes\/leseprobe-das-schwert-des-wilden-landes\/\">hier<\/a>.<\/p>\n<p>&nbsp;<\/p>\n<p>&nbsp;<\/p>\n<p>&nbsp;<\/p>\n","protected":false},"excerpt":{"rendered":"<p>Mit dem neuen Monat ist eine Neuerscheinung zu verk\u00fcnden: Das Schwert des Wilden Landes, Fantasy-Abenteuer mit sagenhaften Helden, prophetischen Tr\u00e4umen und Fledermauskacke. In \u00e4lteren Beitr\u00e4gen war von diesem Werk gelegentlich die Rede, die gibt es aber nicht mehr, deshalb ein paar aktuellere Bemerkungen dazu. Das meint der Held Hoss\u00edek vom Bodrawer Moor: \u201eDieser Bericht stammt [&hellip;]<\/p>\n","protected":false},"author":1,"featured_media":0,"comment_status":"open","ping_status":"open","sticky":false,"template":"","format":"standard","meta":{"footnotes":""},"categories":[8],"tags":[92,88,28],"class_list":["post-6206","post","type-post","status-publish","format-standard","hentry","category-geschichten","tag-fantasy","tag-neuerscheinung","tag-roman"],"yoast_head":"<!-- This site is optimized with the Yoast SEO plugin v27.4 - https:\/\/yoast.com\/product\/yoast-seo-wordpress\/ -->\n<title>Neuerscheinung - Das Schwert des Wilden Landes - La Ballade<\/title>\n<meta name=\"description\" content=\"Neuerscheinung: &quot;Das Schwert des Wilden Landes&quot;, Fantasy-Abenteuer mit sagenhaften Helden, prophetischen Tr\u00e4umen und Fledermauskacke\" \/>\n<meta name=\"robots\" content=\"index, follow, max-snippet:-1, max-image-preview:large, max-video-preview:-1\" \/>\n<link rel=\"canonical\" href=\"https:\/\/laballade.de\/wordpress\/neuerscheinung-das-schwert-des-wilden-landes\/\" \/>\n<meta property=\"og:locale\" content=\"de_DE\" \/>\n<meta property=\"og:type\" content=\"article\" \/>\n<meta property=\"og:title\" content=\"Neuerscheinung - Das Schwert des Wilden Landes - La Ballade\" \/>\n<meta property=\"og:description\" content=\"Neuerscheinung: &quot;Das Schwert des Wilden Landes&quot;, Fantasy-Abenteuer mit sagenhaften Helden, prophetischen Tr\u00e4umen und Fledermauskacke\" \/>\n<meta property=\"og:url\" content=\"https:\/\/laballade.de\/wordpress\/neuerscheinung-das-schwert-des-wilden-landes\/\" \/>\n<meta property=\"og:site_name\" content=\"La Ballade\" \/>\n<meta property=\"article:published_time\" content=\"2024-10-01T19:06:19+00:00\" \/>\n<meta property=\"article:modified_time\" content=\"2024-10-04T07:32:17+00:00\" \/>\n<meta property=\"og:image\" content=\"https:\/\/laballade.de\/wordpress\/wp-content\/uploads\/2024\/10\/Das-Schwert-des-Wilden-Landes-200x300.jpg\" \/>\n<meta name=\"author\" content=\"Susanne\" \/>\n<meta name=\"twitter:card\" content=\"summary_large_image\" \/>\n<meta name=\"twitter:label1\" content=\"Verfasst von\" \/>\n\t<meta name=\"twitter:data1\" content=\"Susanne\" \/>\n\t<meta name=\"twitter:label2\" content=\"Gesch\u00e4tzte Lesezeit\" \/>\n\t<meta name=\"twitter:data2\" content=\"2\u00a0Minuten\" \/>\n<script type=\"application\/ld+json\" class=\"yoast-schema-graph\">{\"@context\":\"https:\\\/\\\/schema.org\",\"@graph\":[{\"@type\":\"Article\",\"@id\":\"https:\\\/\\\/laballade.de\\\/wordpress\\\/neuerscheinung-das-schwert-des-wilden-landes\\\/#article\",\"isPartOf\":{\"@id\":\"https:\\\/\\\/laballade.de\\\/wordpress\\\/neuerscheinung-das-schwert-des-wilden-landes\\\/\"},\"author\":{\"name\":\"Susanne\",\"@id\":\"https:\\\/\\\/laballade.de\\\/wordpress\\\/#\\\/schema\\\/person\\\/6fadccd64c10acbfe6c9d563789d29a1\"},\"headline\":\"Neuerscheinung &#8211; Das Schwert des Wilden Landes\",\"datePublished\":\"2024-10-01T19:06:19+00:00\",\"dateModified\":\"2024-10-04T07:32:17+00:00\",\"mainEntityOfPage\":{\"@id\":\"https:\\\/\\\/laballade.de\\\/wordpress\\\/neuerscheinung-das-schwert-des-wilden-landes\\\/\"},\"wordCount\":340,\"commentCount\":0,\"publisher\":{\"@id\":\"https:\\\/\\\/laballade.de\\\/wordpress\\\/#\\\/schema\\\/person\\\/6fadccd64c10acbfe6c9d563789d29a1\"},\"image\":{\"@id\":\"https:\\\/\\\/laballade.de\\\/wordpress\\\/neuerscheinung-das-schwert-des-wilden-landes\\\/#primaryimage\"},\"thumbnailUrl\":\"https:\\\/\\\/laballade.de\\\/wordpress\\\/wp-content\\\/uploads\\\/2024\\\/10\\\/Das-Schwert-des-Wilden-Landes-200x300.jpg\",\"keywords\":[\"Fantasy\",\"Neuerscheinung\",\"Roman\"],\"articleSection\":[\"Geschichten\"],\"inLanguage\":\"de\",\"potentialAction\":[{\"@type\":\"CommentAction\",\"name\":\"Comment\",\"target\":[\"https:\\\/\\\/laballade.de\\\/wordpress\\\/neuerscheinung-das-schwert-des-wilden-landes\\\/#respond\"]}]},{\"@type\":\"WebPage\",\"@id\":\"https:\\\/\\\/laballade.de\\\/wordpress\\\/neuerscheinung-das-schwert-des-wilden-landes\\\/\",\"url\":\"https:\\\/\\\/laballade.de\\\/wordpress\\\/neuerscheinung-das-schwert-des-wilden-landes\\\/\",\"name\":\"Neuerscheinung - Das Schwert des Wilden Landes - La Ballade\",\"isPartOf\":{\"@id\":\"https:\\\/\\\/laballade.de\\\/wordpress\\\/#website\"},\"primaryImageOfPage\":{\"@id\":\"https:\\\/\\\/laballade.de\\\/wordpress\\\/neuerscheinung-das-schwert-des-wilden-landes\\\/#primaryimage\"},\"image\":{\"@id\":\"https:\\\/\\\/laballade.de\\\/wordpress\\\/neuerscheinung-das-schwert-des-wilden-landes\\\/#primaryimage\"},\"thumbnailUrl\":\"https:\\\/\\\/laballade.de\\\/wordpress\\\/wp-content\\\/uploads\\\/2024\\\/10\\\/Das-Schwert-des-Wilden-Landes-200x300.jpg\",\"datePublished\":\"2024-10-01T19:06:19+00:00\",\"dateModified\":\"2024-10-04T07:32:17+00:00\",\"description\":\"Neuerscheinung: \\\"Das Schwert des Wilden Landes\\\", Fantasy-Abenteuer mit sagenhaften Helden, prophetischen Tr\u00e4umen und Fledermauskacke\",\"breadcrumb\":{\"@id\":\"https:\\\/\\\/laballade.de\\\/wordpress\\\/neuerscheinung-das-schwert-des-wilden-landes\\\/#breadcrumb\"},\"inLanguage\":\"de\",\"potentialAction\":[{\"@type\":\"ReadAction\",\"target\":[\"https:\\\/\\\/laballade.de\\\/wordpress\\\/neuerscheinung-das-schwert-des-wilden-landes\\\/\"]}]},{\"@type\":\"ImageObject\",\"inLanguage\":\"de\",\"@id\":\"https:\\\/\\\/laballade.de\\\/wordpress\\\/neuerscheinung-das-schwert-des-wilden-landes\\\/#primaryimage\",\"url\":\"https:\\\/\\\/laballade.de\\\/wordpress\\\/wp-content\\\/uploads\\\/2024\\\/10\\\/Das-Schwert-des-Wilden-Landes.jpg\",\"contentUrl\":\"https:\\\/\\\/laballade.de\\\/wordpress\\\/wp-content\\\/uploads\\\/2024\\\/10\\\/Das-Schwert-des-Wilden-Landes.jpg\",\"width\":528,\"height\":792,\"caption\":\"Das Schwert des Wilden Landes\"},{\"@type\":\"BreadcrumbList\",\"@id\":\"https:\\\/\\\/laballade.de\\\/wordpress\\\/neuerscheinung-das-schwert-des-wilden-landes\\\/#breadcrumb\",\"itemListElement\":[{\"@type\":\"ListItem\",\"position\":1,\"name\":\"Startseite\",\"item\":\"https:\\\/\\\/laballade.de\\\/wordpress\\\/\"},{\"@type\":\"ListItem\",\"position\":2,\"name\":\"Neuerscheinung &#8211; Das Schwert des Wilden Landes\"}]},{\"@type\":\"WebSite\",\"@id\":\"https:\\\/\\\/laballade.de\\\/wordpress\\\/#website\",\"url\":\"https:\\\/\\\/laballade.de\\\/wordpress\\\/\",\"name\":\"La Ballade\",\"description\":\"Geschichten und Musik\",\"publisher\":{\"@id\":\"https:\\\/\\\/laballade.de\\\/wordpress\\\/#\\\/schema\\\/person\\\/6fadccd64c10acbfe6c9d563789d29a1\"},\"potentialAction\":[{\"@type\":\"SearchAction\",\"target\":{\"@type\":\"EntryPoint\",\"urlTemplate\":\"https:\\\/\\\/laballade.de\\\/wordpress\\\/?s={search_term_string}\"},\"query-input\":{\"@type\":\"PropertyValueSpecification\",\"valueRequired\":true,\"valueName\":\"search_term_string\"}}],\"inLanguage\":\"de\"},{\"@type\":[\"Person\",\"Organization\"],\"@id\":\"https:\\\/\\\/laballade.de\\\/wordpress\\\/#\\\/schema\\\/person\\\/6fadccd64c10acbfe6c9d563789d29a1\",\"name\":\"Susanne\",\"logo\":{\"@id\":\"https:\\\/\\\/laballade.de\\\/wordpress\\\/#\\\/schema\\\/person\\\/image\\\/\"},\"sameAs\":[\"https:\\\/\\\/www.laballade.de\"]}]}<\/script>\n<!-- \/ Yoast SEO plugin. -->","yoast_head_json":{"title":"Neuerscheinung - Das Schwert des Wilden Landes - La Ballade","description":"Neuerscheinung: \"Das Schwert des Wilden Landes\", Fantasy-Abenteuer mit sagenhaften Helden, prophetischen Tr\u00e4umen und Fledermauskacke","robots":{"index":"index","follow":"follow","max-snippet":"max-snippet:-1","max-image-preview":"max-image-preview:large","max-video-preview":"max-video-preview:-1"},"canonical":"https:\/\/laballade.de\/wordpress\/neuerscheinung-das-schwert-des-wilden-landes\/","og_locale":"de_DE","og_type":"article","og_title":"Neuerscheinung - Das Schwert des Wilden Landes - La Ballade","og_description":"Neuerscheinung: \"Das Schwert des Wilden Landes\", Fantasy-Abenteuer mit sagenhaften Helden, prophetischen Tr\u00e4umen und Fledermauskacke","og_url":"https:\/\/laballade.de\/wordpress\/neuerscheinung-das-schwert-des-wilden-landes\/","og_site_name":"La Ballade","article_published_time":"2024-10-01T19:06:19+00:00","article_modified_time":"2024-10-04T07:32:17+00:00","og_image":[{"url":"https:\/\/laballade.de\/wordpress\/wp-content\/uploads\/2024\/10\/Das-Schwert-des-Wilden-Landes-200x300.jpg","type":"","width":"","height":""}],"author":"Susanne","twitter_card":"summary_large_image","twitter_misc":{"Verfasst von":"Susanne","Gesch\u00e4tzte Lesezeit":"2\u00a0Minuten"},"schema":{"@context":"https:\/\/schema.org","@graph":[{"@type":"Article","@id":"https:\/\/laballade.de\/wordpress\/neuerscheinung-das-schwert-des-wilden-landes\/#article","isPartOf":{"@id":"https:\/\/laballade.de\/wordpress\/neuerscheinung-das-schwert-des-wilden-landes\/"},"author":{"name":"Susanne","@id":"https:\/\/laballade.de\/wordpress\/#\/schema\/person\/6fadccd64c10acbfe6c9d563789d29a1"},"headline":"Neuerscheinung &#8211; Das Schwert des Wilden Landes","datePublished":"2024-10-01T19:06:19+00:00","dateModified":"2024-10-04T07:32:17+00:00","mainEntityOfPage":{"@id":"https:\/\/laballade.de\/wordpress\/neuerscheinung-das-schwert-des-wilden-landes\/"},"wordCount":340,"commentCount":0,"publisher":{"@id":"https:\/\/laballade.de\/wordpress\/#\/schema\/person\/6fadccd64c10acbfe6c9d563789d29a1"},"image":{"@id":"https:\/\/laballade.de\/wordpress\/neuerscheinung-das-schwert-des-wilden-landes\/#primaryimage"},"thumbnailUrl":"https:\/\/laballade.de\/wordpress\/wp-content\/uploads\/2024\/10\/Das-Schwert-des-Wilden-Landes-200x300.jpg","keywords":["Fantasy","Neuerscheinung","Roman"],"articleSection":["Geschichten"],"inLanguage":"de","potentialAction":[{"@type":"CommentAction","name":"Comment","target":["https:\/\/laballade.de\/wordpress\/neuerscheinung-das-schwert-des-wilden-landes\/#respond"]}]},{"@type":"WebPage","@id":"https:\/\/laballade.de\/wordpress\/neuerscheinung-das-schwert-des-wilden-landes\/","url":"https:\/\/laballade.de\/wordpress\/neuerscheinung-das-schwert-des-wilden-landes\/","name":"Neuerscheinung - Das Schwert des Wilden Landes - La Ballade","isPartOf":{"@id":"https:\/\/laballade.de\/wordpress\/#website"},"primaryImageOfPage":{"@id":"https:\/\/laballade.de\/wordpress\/neuerscheinung-das-schwert-des-wilden-landes\/#primaryimage"},"image":{"@id":"https:\/\/laballade.de\/wordpress\/neuerscheinung-das-schwert-des-wilden-landes\/#primaryimage"},"thumbnailUrl":"https:\/\/laballade.de\/wordpress\/wp-content\/uploads\/2024\/10\/Das-Schwert-des-Wilden-Landes-200x300.jpg","datePublished":"2024-10-01T19:06:19+00:00","dateModified":"2024-10-04T07:32:17+00:00","description":"Neuerscheinung: \"Das Schwert des Wilden Landes\", Fantasy-Abenteuer mit sagenhaften Helden, prophetischen Tr\u00e4umen und Fledermauskacke","breadcrumb":{"@id":"https:\/\/laballade.de\/wordpress\/neuerscheinung-das-schwert-des-wilden-landes\/#breadcrumb"},"inLanguage":"de","potentialAction":[{"@type":"ReadAction","target":["https:\/\/laballade.de\/wordpress\/neuerscheinung-das-schwert-des-wilden-landes\/"]}]},{"@type":"ImageObject","inLanguage":"de","@id":"https:\/\/laballade.de\/wordpress\/neuerscheinung-das-schwert-des-wilden-landes\/#primaryimage","url":"https:\/\/laballade.de\/wordpress\/wp-content\/uploads\/2024\/10\/Das-Schwert-des-Wilden-Landes.jpg","contentUrl":"https:\/\/laballade.de\/wordpress\/wp-content\/uploads\/2024\/10\/Das-Schwert-des-Wilden-Landes.jpg","width":528,"height":792,"caption":"Das Schwert des Wilden Landes"},{"@type":"BreadcrumbList","@id":"https:\/\/laballade.de\/wordpress\/neuerscheinung-das-schwert-des-wilden-landes\/#breadcrumb","itemListElement":[{"@type":"ListItem","position":1,"name":"Startseite","item":"https:\/\/laballade.de\/wordpress\/"},{"@type":"ListItem","position":2,"name":"Neuerscheinung &#8211; Das Schwert des Wilden Landes"}]},{"@type":"WebSite","@id":"https:\/\/laballade.de\/wordpress\/#website","url":"https:\/\/laballade.de\/wordpress\/","name":"La Ballade","description":"Geschichten und Musik","publisher":{"@id":"https:\/\/laballade.de\/wordpress\/#\/schema\/person\/6fadccd64c10acbfe6c9d563789d29a1"},"potentialAction":[{"@type":"SearchAction","target":{"@type":"EntryPoint","urlTemplate":"https:\/\/laballade.de\/wordpress\/?s={search_term_string}"},"query-input":{"@type":"PropertyValueSpecification","valueRequired":true,"valueName":"search_term_string"}}],"inLanguage":"de"},{"@type":["Person","Organization"],"@id":"https:\/\/laballade.de\/wordpress\/#\/schema\/person\/6fadccd64c10acbfe6c9d563789d29a1","name":"Susanne","logo":{"@id":"https:\/\/laballade.de\/wordpress\/#\/schema\/person\/image\/"},"sameAs":["https:\/\/www.laballade.de"]}]}},"_links":{"self":[{"href":"https:\/\/laballade.de\/wordpress\/wp-json\/wp\/v2\/posts\/6206","targetHints":{"allow":["GET"]}}],"collection":[{"href":"https:\/\/laballade.de\/wordpress\/wp-json\/wp\/v2\/posts"}],"about":[{"href":"https:\/\/laballade.de\/wordpress\/wp-json\/wp\/v2\/types\/post"}],"author":[{"embeddable":true,"href":"https:\/\/laballade.de\/wordpress\/wp-json\/wp\/v2\/users\/1"}],"replies":[{"embeddable":true,"href":"https:\/\/laballade.de\/wordpress\/wp-json\/wp\/v2\/comments?post=6206"}],"version-history":[{"count":8,"href":"https:\/\/laballade.de\/wordpress\/wp-json\/wp\/v2\/posts\/6206\/revisions"}],"predecessor-version":[{"id":6229,"href":"https:\/\/laballade.de\/wordpress\/wp-json\/wp\/v2\/posts\/6206\/revisions\/6229"}],"wp:attachment":[{"href":"https:\/\/laballade.de\/wordpress\/wp-json\/wp\/v2\/media?parent=6206"}],"wp:term":[{"taxonomy":"category","embeddable":true,"href":"https:\/\/laballade.de\/wordpress\/wp-json\/wp\/v2\/categories?post=6206"},{"taxonomy":"post_tag","embeddable":true,"href":"https:\/\/laballade.de\/wordpress\/wp-json\/wp\/v2\/tags?post=6206"}],"curies":[{"name":"wp","href":"https:\/\/api.w.org\/{rel}","templated":true}]}}