{"id":5636,"date":"2024-05-04T15:16:17","date_gmt":"2024-05-04T13:16:17","guid":{"rendered":"https:\/\/laballade.de\/wordpress\/?p=5636"},"modified":"2024-10-01T17:44:55","modified_gmt":"2024-10-01T15:44:55","slug":"maitour-keltenwelt-am-glauberg","status":"publish","type":"post","link":"https:\/\/laballade.de\/wordpress\/maitour-keltenwelt-am-glauberg\/","title":{"rendered":"Maitour: Keltenwelt am Glauberg"},"content":{"rendered":"<div id=\"attachment_5638\" style=\"width: 310px\" class=\"wp-caption alignleft\"><img loading=\"lazy\" decoding=\"async\" aria-describedby=\"caption-attachment-5638\" class=\"size-medium wp-image-5638\" src=\"https:\/\/laballade.de\/wordpress\/wp-content\/uploads\/2024\/05\/IMG_20240501_142146_1-300x206.jpg\" alt=\"Maitour: Keltenwelt am Glauberg\" width=\"300\" height=\"206\" srcset=\"https:\/\/laballade.de\/wordpress\/wp-content\/uploads\/2024\/05\/IMG_20240501_142146_1-300x206.jpg 300w, https:\/\/laballade.de\/wordpress\/wp-content\/uploads\/2024\/05\/IMG_20240501_142146_1.jpg 721w\" sizes=\"auto, (max-width: 300px) 100vw, 300px\" \/><p id=\"caption-attachment-5638\" class=\"wp-caption-text\">Begegnung auf dem Au\u00dfengel\u00e4nde<\/p><\/div>\n<p>Es war eine spontane Idee, die diesj\u00e4hrige Maitour zur <a href=\"https:\/\/www.keltenwelt-glauberg.de\/\">Keltenwelt am Glauber<\/a>g zu machen. Das Wetter spielte mit, und sie erwies sich als ziemlich gut.<\/p>\n<h5>Ausstellung<\/h5>\n<p>Die Ausstellung und das Gel\u00e4nde waren gut besucht, aber noch nicht so, dass sich die Leute gegenseitig auf den F\u00fc\u00dfen standen. Es gab gen\u00fcgend Raum, die ausgestellten Objekte in Ruhe zu betrachten und die dazugeh\u00f6rigen Texte zu lesen.<\/p>\n<p>Zu sehen sind die Originalfunde aus den Keltengr\u00e4bern, oft nur mit Andeutungen, wie der Gegenstand vollst\u00e4ndig ausgesehen haben k\u00f6nnte, als er noch in Betrieb war. Verg\u00e4ngliche Materialien werden in der Beschreibung erw\u00e4hnt, den Rest darf mensch sich denken.<\/p>\n<p>Besonders faszinierend fand ich die Met-Gef\u00e4\u00dfe. Ich mag das Zeug nun mal. Mit den inzwischen vorhandenen Analysemethoden wurden die Pollenreste aus den Bronzekannen untersucht, und es stellte sich heraus, dass der Honig zur Met-Herstellung von verschiedenen Orten stammte \u2013 unter anderem aus dem Odenwald.<\/p>\n<p>Schmuck aus Bernstein (Ostsee) und Korallen (Mittelmeer) zeigt ebenfalls, dass die Herrschaften schon recht weitr\u00e4umig Handel trieben.<\/p>\n<h5>Au\u00dfengel\u00e4nde<\/h5>\n<p>Zum Museum geh\u00f6rt ein Au\u00dfengel\u00e4nde, das Plateau, auf dem sich erst die Keltensiedlung, sp\u00e4ter eine mittelalterliche Burg befanden. Die sichtbaren Reste sind eher sp\u00e4rlich. Daf\u00fcr ist das Gel\u00e4nde optimal zum Spazierengehen, Picknicken, Abh\u00e4ngen am T\u00fcmpel geeignet. Am Feiertag bei sch\u00f6nem Wetter wurde davon eifrig Gebrauch gemacht. Allerdings muss mensch einigerma\u00dfen gut zu Fu\u00df sein, um hinaufzukommen.<\/p>\n<p>Auf der anderen Seite des Museums liegt der rekonstruierte Grabh\u00fcgel mit einer Grabenanlage, teils rundum, teils vom H\u00fcgel weg f\u00fchrend \u2013 bis zum n\u00e4chsten Rapsfeld. Laut Plan w\u00e4re an der Stelle eine \u201eProzessionsstra\u00dfe\u201c weitergegangen. In der N\u00e4he des H\u00fcgels ist eine Anordnung von hohen Holzpf\u00e4hlen zu sehen, entsprechend den im Boden gefundenen Spuren. Die Wissenschaft ist sich noch nicht recht einig, wozu diese gedient haben k\u00f6nnten.<\/p>\n<p>Eine \u00e4hnliche Frage stellt sich mit Bezug auf die schwarzen Kunststoffskulpturen des Keltenf\u00fcrsten, die in kleineren oder gr\u00f6\u00dferen Gruppen herumstehen. Die Sandstein-Variante drinnen in der Ausstellung finde ich jedenfalls eher beeindruckend, erst recht im Zusammenhang mit den Grabungsfunden, die gleich daneben ausgestellt sind.<\/p>\n<h5>Verpflegung und Anreise<\/h5>\n<p>Im Bistro sammelten sich das Publikum, da entstand vor\u00fcbergehend auch mal eine kleine Schlange an der Theke. Trotzdem fanden wohl die meisten, die wollten, einen Platz auf der Terrasse. Wer mag, kann eine vegane Flammkuchen-Variante haben, und regionale Apfelschorle.<\/p>\n<p>Am Parkplatz kann Strom getankt werden. Die Anreise mit \u00f6ffentlichen Verkehrsmitteln gestaltet sich schwieriger, da der Bahnhof etwa anderthalb Kilometer entfernt im Tal liegt. Damit eignet sich der Plan eher f\u00fcr Leute, die gut zu Fu\u00df sind.<\/p>\n<p>Ausf\u00fchrliche Infos hat der Ausstellungsband <a href=\"https:\/\/www.zvab.com\/9783806215922\/R%C3%A4tsel-Kelten-Glauberg-Glaube-Mythos-3806215928\/plp\"><em>Das R\u00e4tsel der Kelten vom Glauberg<\/em><\/a>, erschienen 2002 bei Theiss<\/p>\n","protected":false},"excerpt":{"rendered":"<p>Es war eine spontane Idee, die diesj\u00e4hrige Maitour zur Keltenwelt am Glauberg zu machen. Das Wetter spielte mit, und sie erwies sich als ziemlich gut. Ausstellung Die Ausstellung und das Gel\u00e4nde waren gut besucht, aber noch nicht so, dass sich die Leute gegenseitig auf den F\u00fc\u00dfen standen. Es gab gen\u00fcgend Raum, die ausgestellten Objekte in [&hellip;]<\/p>\n","protected":false},"author":1,"featured_media":0,"comment_status":"open","ping_status":"open","sticky":false,"template":"","format":"standard","meta":{"footnotes":""},"categories":[26],"tags":[99,81],"class_list":["post-5636","post","type-post","status-publish","format-standard","hentry","category-der-ganze-rest","tag-historisches","tag-inspiration"],"yoast_head":"<!-- This site is optimized with the Yoast SEO plugin v27.4 - https:\/\/yoast.com\/product\/yoast-seo-wordpress\/ -->\n<title>Maitour: Keltenwelt am Glauberg - La Ballade<\/title>\n<meta name=\"description\" content=\"Ein kurzer Bericht \u00fcber die Maitour zur Keltenwelt am Glauberg, unter besonderer Ber\u00fccksichtigung der Met-Versorgung\" \/>\n<meta name=\"robots\" content=\"index, follow, max-snippet:-1, max-image-preview:large, max-video-preview:-1\" \/>\n<link rel=\"canonical\" href=\"https:\/\/laballade.de\/wordpress\/maitour-keltenwelt-am-glauberg\/\" \/>\n<meta property=\"og:locale\" content=\"de_DE\" \/>\n<meta property=\"og:type\" content=\"article\" \/>\n<meta property=\"og:title\" content=\"Maitour: Keltenwelt am Glauberg - La Ballade\" \/>\n<meta property=\"og:description\" content=\"Ein kurzer Bericht \u00fcber die Maitour zur Keltenwelt am Glauberg, unter besonderer Ber\u00fccksichtigung der Met-Versorgung\" \/>\n<meta property=\"og:url\" content=\"https:\/\/laballade.de\/wordpress\/maitour-keltenwelt-am-glauberg\/\" \/>\n<meta property=\"og:site_name\" content=\"La Ballade\" \/>\n<meta property=\"article:published_time\" content=\"2024-05-04T13:16:17+00:00\" \/>\n<meta property=\"article:modified_time\" content=\"2024-10-01T15:44:55+00:00\" \/>\n<meta property=\"og:image\" content=\"https:\/\/laballade.de\/wordpress\/wp-content\/uploads\/2024\/05\/IMG_20240501_142146_1-300x206.jpg\" \/>\n<meta name=\"author\" content=\"Susanne\" \/>\n<meta name=\"twitter:card\" content=\"summary_large_image\" \/>\n<meta name=\"twitter:label1\" content=\"Verfasst von\" \/>\n\t<meta name=\"twitter:data1\" content=\"Susanne\" \/>\n\t<meta name=\"twitter:label2\" content=\"Gesch\u00e4tzte Lesezeit\" \/>\n\t<meta name=\"twitter:data2\" content=\"3\u00a0Minuten\" \/>\n<script type=\"application\/ld+json\" class=\"yoast-schema-graph\">{\"@context\":\"https:\\\/\\\/schema.org\",\"@graph\":[{\"@type\":\"Article\",\"@id\":\"https:\\\/\\\/laballade.de\\\/wordpress\\\/maitour-keltenwelt-am-glauberg\\\/#article\",\"isPartOf\":{\"@id\":\"https:\\\/\\\/laballade.de\\\/wordpress\\\/maitour-keltenwelt-am-glauberg\\\/\"},\"author\":{\"name\":\"Susanne\",\"@id\":\"https:\\\/\\\/laballade.de\\\/wordpress\\\/#\\\/schema\\\/person\\\/6fadccd64c10acbfe6c9d563789d29a1\"},\"headline\":\"Maitour: Keltenwelt am Glauberg\",\"datePublished\":\"2024-05-04T13:16:17+00:00\",\"dateModified\":\"2024-10-01T15:44:55+00:00\",\"mainEntityOfPage\":{\"@id\":\"https:\\\/\\\/laballade.de\\\/wordpress\\\/maitour-keltenwelt-am-glauberg\\\/\"},\"wordCount\":478,\"commentCount\":0,\"publisher\":{\"@id\":\"https:\\\/\\\/laballade.de\\\/wordpress\\\/#\\\/schema\\\/person\\\/6fadccd64c10acbfe6c9d563789d29a1\"},\"image\":{\"@id\":\"https:\\\/\\\/laballade.de\\\/wordpress\\\/maitour-keltenwelt-am-glauberg\\\/#primaryimage\"},\"thumbnailUrl\":\"https:\\\/\\\/laballade.de\\\/wordpress\\\/wp-content\\\/uploads\\\/2024\\\/05\\\/IMG_20240501_142146_1-300x206.jpg\",\"keywords\":[\"Historisches\",\"Inspiration\"],\"articleSection\":[\"Der ganze Rest\"],\"inLanguage\":\"de\",\"potentialAction\":[{\"@type\":\"CommentAction\",\"name\":\"Comment\",\"target\":[\"https:\\\/\\\/laballade.de\\\/wordpress\\\/maitour-keltenwelt-am-glauberg\\\/#respond\"]}]},{\"@type\":\"WebPage\",\"@id\":\"https:\\\/\\\/laballade.de\\\/wordpress\\\/maitour-keltenwelt-am-glauberg\\\/\",\"url\":\"https:\\\/\\\/laballade.de\\\/wordpress\\\/maitour-keltenwelt-am-glauberg\\\/\",\"name\":\"Maitour: Keltenwelt am Glauberg - La Ballade\",\"isPartOf\":{\"@id\":\"https:\\\/\\\/laballade.de\\\/wordpress\\\/#website\"},\"primaryImageOfPage\":{\"@id\":\"https:\\\/\\\/laballade.de\\\/wordpress\\\/maitour-keltenwelt-am-glauberg\\\/#primaryimage\"},\"image\":{\"@id\":\"https:\\\/\\\/laballade.de\\\/wordpress\\\/maitour-keltenwelt-am-glauberg\\\/#primaryimage\"},\"thumbnailUrl\":\"https:\\\/\\\/laballade.de\\\/wordpress\\\/wp-content\\\/uploads\\\/2024\\\/05\\\/IMG_20240501_142146_1-300x206.jpg\",\"datePublished\":\"2024-05-04T13:16:17+00:00\",\"dateModified\":\"2024-10-01T15:44:55+00:00\",\"description\":\"Ein kurzer Bericht \u00fcber die Maitour zur Keltenwelt am Glauberg, unter besonderer Ber\u00fccksichtigung der Met-Versorgung\",\"breadcrumb\":{\"@id\":\"https:\\\/\\\/laballade.de\\\/wordpress\\\/maitour-keltenwelt-am-glauberg\\\/#breadcrumb\"},\"inLanguage\":\"de\",\"potentialAction\":[{\"@type\":\"ReadAction\",\"target\":[\"https:\\\/\\\/laballade.de\\\/wordpress\\\/maitour-keltenwelt-am-glauberg\\\/\"]}]},{\"@type\":\"ImageObject\",\"inLanguage\":\"de\",\"@id\":\"https:\\\/\\\/laballade.de\\\/wordpress\\\/maitour-keltenwelt-am-glauberg\\\/#primaryimage\",\"url\":\"https:\\\/\\\/laballade.de\\\/wordpress\\\/wp-content\\\/uploads\\\/2024\\\/05\\\/IMG_20240501_142146_1.jpg\",\"contentUrl\":\"https:\\\/\\\/laballade.de\\\/wordpress\\\/wp-content\\\/uploads\\\/2024\\\/05\\\/IMG_20240501_142146_1.jpg\",\"width\":721,\"height\":495,\"caption\":\"Begegnung auf dem Au\u00dfengel\u00e4nde\"},{\"@type\":\"BreadcrumbList\",\"@id\":\"https:\\\/\\\/laballade.de\\\/wordpress\\\/maitour-keltenwelt-am-glauberg\\\/#breadcrumb\",\"itemListElement\":[{\"@type\":\"ListItem\",\"position\":1,\"name\":\"Startseite\",\"item\":\"https:\\\/\\\/laballade.de\\\/wordpress\\\/\"},{\"@type\":\"ListItem\",\"position\":2,\"name\":\"Maitour: Keltenwelt am Glauberg\"}]},{\"@type\":\"WebSite\",\"@id\":\"https:\\\/\\\/laballade.de\\\/wordpress\\\/#website\",\"url\":\"https:\\\/\\\/laballade.de\\\/wordpress\\\/\",\"name\":\"La Ballade\",\"description\":\"Geschichten und Musik\",\"publisher\":{\"@id\":\"https:\\\/\\\/laballade.de\\\/wordpress\\\/#\\\/schema\\\/person\\\/6fadccd64c10acbfe6c9d563789d29a1\"},\"potentialAction\":[{\"@type\":\"SearchAction\",\"target\":{\"@type\":\"EntryPoint\",\"urlTemplate\":\"https:\\\/\\\/laballade.de\\\/wordpress\\\/?s={search_term_string}\"},\"query-input\":{\"@type\":\"PropertyValueSpecification\",\"valueRequired\":true,\"valueName\":\"search_term_string\"}}],\"inLanguage\":\"de\"},{\"@type\":[\"Person\",\"Organization\"],\"@id\":\"https:\\\/\\\/laballade.de\\\/wordpress\\\/#\\\/schema\\\/person\\\/6fadccd64c10acbfe6c9d563789d29a1\",\"name\":\"Susanne\",\"logo\":{\"@id\":\"https:\\\/\\\/laballade.de\\\/wordpress\\\/#\\\/schema\\\/person\\\/image\\\/\"},\"sameAs\":[\"https:\\\/\\\/www.laballade.de\"]}]}<\/script>\n<!-- \/ Yoast SEO plugin. -->","yoast_head_json":{"title":"Maitour: Keltenwelt am Glauberg - La Ballade","description":"Ein kurzer Bericht \u00fcber die Maitour zur Keltenwelt am Glauberg, unter besonderer Ber\u00fccksichtigung der Met-Versorgung","robots":{"index":"index","follow":"follow","max-snippet":"max-snippet:-1","max-image-preview":"max-image-preview:large","max-video-preview":"max-video-preview:-1"},"canonical":"https:\/\/laballade.de\/wordpress\/maitour-keltenwelt-am-glauberg\/","og_locale":"de_DE","og_type":"article","og_title":"Maitour: Keltenwelt am Glauberg - La Ballade","og_description":"Ein kurzer Bericht \u00fcber die Maitour zur Keltenwelt am Glauberg, unter besonderer Ber\u00fccksichtigung der Met-Versorgung","og_url":"https:\/\/laballade.de\/wordpress\/maitour-keltenwelt-am-glauberg\/","og_site_name":"La Ballade","article_published_time":"2024-05-04T13:16:17+00:00","article_modified_time":"2024-10-01T15:44:55+00:00","og_image":[{"url":"https:\/\/laballade.de\/wordpress\/wp-content\/uploads\/2024\/05\/IMG_20240501_142146_1-300x206.jpg","type":"","width":"","height":""}],"author":"Susanne","twitter_card":"summary_large_image","twitter_misc":{"Verfasst von":"Susanne","Gesch\u00e4tzte Lesezeit":"3\u00a0Minuten"},"schema":{"@context":"https:\/\/schema.org","@graph":[{"@type":"Article","@id":"https:\/\/laballade.de\/wordpress\/maitour-keltenwelt-am-glauberg\/#article","isPartOf":{"@id":"https:\/\/laballade.de\/wordpress\/maitour-keltenwelt-am-glauberg\/"},"author":{"name":"Susanne","@id":"https:\/\/laballade.de\/wordpress\/#\/schema\/person\/6fadccd64c10acbfe6c9d563789d29a1"},"headline":"Maitour: Keltenwelt am Glauberg","datePublished":"2024-05-04T13:16:17+00:00","dateModified":"2024-10-01T15:44:55+00:00","mainEntityOfPage":{"@id":"https:\/\/laballade.de\/wordpress\/maitour-keltenwelt-am-glauberg\/"},"wordCount":478,"commentCount":0,"publisher":{"@id":"https:\/\/laballade.de\/wordpress\/#\/schema\/person\/6fadccd64c10acbfe6c9d563789d29a1"},"image":{"@id":"https:\/\/laballade.de\/wordpress\/maitour-keltenwelt-am-glauberg\/#primaryimage"},"thumbnailUrl":"https:\/\/laballade.de\/wordpress\/wp-content\/uploads\/2024\/05\/IMG_20240501_142146_1-300x206.jpg","keywords":["Historisches","Inspiration"],"articleSection":["Der ganze Rest"],"inLanguage":"de","potentialAction":[{"@type":"CommentAction","name":"Comment","target":["https:\/\/laballade.de\/wordpress\/maitour-keltenwelt-am-glauberg\/#respond"]}]},{"@type":"WebPage","@id":"https:\/\/laballade.de\/wordpress\/maitour-keltenwelt-am-glauberg\/","url":"https:\/\/laballade.de\/wordpress\/maitour-keltenwelt-am-glauberg\/","name":"Maitour: Keltenwelt am Glauberg - La Ballade","isPartOf":{"@id":"https:\/\/laballade.de\/wordpress\/#website"},"primaryImageOfPage":{"@id":"https:\/\/laballade.de\/wordpress\/maitour-keltenwelt-am-glauberg\/#primaryimage"},"image":{"@id":"https:\/\/laballade.de\/wordpress\/maitour-keltenwelt-am-glauberg\/#primaryimage"},"thumbnailUrl":"https:\/\/laballade.de\/wordpress\/wp-content\/uploads\/2024\/05\/IMG_20240501_142146_1-300x206.jpg","datePublished":"2024-05-04T13:16:17+00:00","dateModified":"2024-10-01T15:44:55+00:00","description":"Ein kurzer Bericht \u00fcber die Maitour zur Keltenwelt am Glauberg, unter besonderer Ber\u00fccksichtigung der Met-Versorgung","breadcrumb":{"@id":"https:\/\/laballade.de\/wordpress\/maitour-keltenwelt-am-glauberg\/#breadcrumb"},"inLanguage":"de","potentialAction":[{"@type":"ReadAction","target":["https:\/\/laballade.de\/wordpress\/maitour-keltenwelt-am-glauberg\/"]}]},{"@type":"ImageObject","inLanguage":"de","@id":"https:\/\/laballade.de\/wordpress\/maitour-keltenwelt-am-glauberg\/#primaryimage","url":"https:\/\/laballade.de\/wordpress\/wp-content\/uploads\/2024\/05\/IMG_20240501_142146_1.jpg","contentUrl":"https:\/\/laballade.de\/wordpress\/wp-content\/uploads\/2024\/05\/IMG_20240501_142146_1.jpg","width":721,"height":495,"caption":"Begegnung auf dem Au\u00dfengel\u00e4nde"},{"@type":"BreadcrumbList","@id":"https:\/\/laballade.de\/wordpress\/maitour-keltenwelt-am-glauberg\/#breadcrumb","itemListElement":[{"@type":"ListItem","position":1,"name":"Startseite","item":"https:\/\/laballade.de\/wordpress\/"},{"@type":"ListItem","position":2,"name":"Maitour: Keltenwelt am Glauberg"}]},{"@type":"WebSite","@id":"https:\/\/laballade.de\/wordpress\/#website","url":"https:\/\/laballade.de\/wordpress\/","name":"La Ballade","description":"Geschichten und Musik","publisher":{"@id":"https:\/\/laballade.de\/wordpress\/#\/schema\/person\/6fadccd64c10acbfe6c9d563789d29a1"},"potentialAction":[{"@type":"SearchAction","target":{"@type":"EntryPoint","urlTemplate":"https:\/\/laballade.de\/wordpress\/?s={search_term_string}"},"query-input":{"@type":"PropertyValueSpecification","valueRequired":true,"valueName":"search_term_string"}}],"inLanguage":"de"},{"@type":["Person","Organization"],"@id":"https:\/\/laballade.de\/wordpress\/#\/schema\/person\/6fadccd64c10acbfe6c9d563789d29a1","name":"Susanne","logo":{"@id":"https:\/\/laballade.de\/wordpress\/#\/schema\/person\/image\/"},"sameAs":["https:\/\/www.laballade.de"]}]}},"_links":{"self":[{"href":"https:\/\/laballade.de\/wordpress\/wp-json\/wp\/v2\/posts\/5636","targetHints":{"allow":["GET"]}}],"collection":[{"href":"https:\/\/laballade.de\/wordpress\/wp-json\/wp\/v2\/posts"}],"about":[{"href":"https:\/\/laballade.de\/wordpress\/wp-json\/wp\/v2\/types\/post"}],"author":[{"embeddable":true,"href":"https:\/\/laballade.de\/wordpress\/wp-json\/wp\/v2\/users\/1"}],"replies":[{"embeddable":true,"href":"https:\/\/laballade.de\/wordpress\/wp-json\/wp\/v2\/comments?post=5636"}],"version-history":[{"count":2,"href":"https:\/\/laballade.de\/wordpress\/wp-json\/wp\/v2\/posts\/5636\/revisions"}],"predecessor-version":[{"id":5639,"href":"https:\/\/laballade.de\/wordpress\/wp-json\/wp\/v2\/posts\/5636\/revisions\/5639"}],"wp:attachment":[{"href":"https:\/\/laballade.de\/wordpress\/wp-json\/wp\/v2\/media?parent=5636"}],"wp:term":[{"taxonomy":"category","embeddable":true,"href":"https:\/\/laballade.de\/wordpress\/wp-json\/wp\/v2\/categories?post=5636"},{"taxonomy":"post_tag","embeddable":true,"href":"https:\/\/laballade.de\/wordpress\/wp-json\/wp\/v2\/tags?post=5636"}],"curies":[{"name":"wp","href":"https:\/\/api.w.org\/{rel}","templated":true}]}}