{"id":4839,"date":"2023-03-25T18:39:21","date_gmt":"2023-03-25T17:39:21","guid":{"rendered":"https:\/\/laballade.de\/wordpress\/?p=4839"},"modified":"2023-03-25T18:39:21","modified_gmt":"2023-03-25T17:39:21","slug":"900-jahre-lindenfels","status":"publish","type":"post","link":"https:\/\/laballade.de\/wordpress\/900-jahre-lindenfels\/","title":{"rendered":"900 Jahre Lindenfels"},"content":{"rendered":"<p>Gestern Abend haben die Jubil\u00e4umsfeierlichkeiten f\u00fcr 900 Jahre seit der ersten urkundlichen Erw\u00e4hnung von Lindenfels begonnen, mit einer \u00f6ffentlichen Festsitzung der Stadtverordnetenversammlung. Er\u00f6ffnet und begleitet hat das Trio <a href=\"https:\/\/www.mobilepartymusik.de\/kuehn\/\">K\u00fchn &amp; Co<\/a>. beswingt mit Kontrabass, Akkordeon und Saxophon. Der Stadtverordnetenvorsteher trug vor, was ChatGPT zum Thema zu sagen hatte, sp\u00e4ter wurde der Ministerpr\u00e4sident mit vergleichbaren Luftblasen zugeschaltet &#8230;<\/p>\n<p>Deutlich gehaltvoller war der Vortrag von Thomas Steinmetz, dem Spezialisten f\u00fcr <a href=\"https:\/\/www.buecher.de\/shop\/buecher\/burgen-im-odenwald\/steinmetz-thomas\/products_products\/detail\/prod_id\/07820845\/\">Burgen im Odenwald<\/a>, \u00fcber die Burg Lindenfels \u2013 beginnend mit besagter Urkunde, in der erstmals ein Bertold von Lindenfels als Zeuge genannt wird, \u00fcber mittelalterliche Kloh\u00e4uschen bis zum unkriegerischen Ende der Burg in der fr\u00fchen Neuzeit. Das anschlie\u00dfende Feuerwerk passte genau zwischen mehrere Runden Regenwetter; immerhin gab es derzeit keinen Anlass, es wegen Brandgefahr ausfallen zu lassen.<\/p>\n<p>Heute geht es weiter mit dem Ostermarkt (auch morgen noch) und am Abend mit dem <a href=\"https:\/\/dblt.de\/index.php\/freizeit-kultur\/odenwaldweite-laermfeuer\/123-laermfeuer-details\/4618-odenwaldweite-laermfeuer-am-25-maerz.html\">L\u00e4rmfeuer<\/a>, unter anderem in Eulsbach. H\u00f6hepunkte aus dem weiteren Programm findet sich auf der <a href=\"https:\/\/www.lindenfels.de\/900-jahre\">Website der Stadt Lindenfels<\/a>. Dazu werde ich ebenfalls etwas beitragen, n\u00e4mlich eine Lesung aus meinem Mittelalter-Krimi <a href=\"https:\/\/laballade.de\/wordpress\/bibliothek\/geschriebenes\/leseprobe-der-jahrmarkt-zu-jakobi\/\"><i>Der Jahrmarkt zu Jakobi<\/i><\/a> (Freitag, 2. Juni, 19.00 Uhr, Gasthaus Ludwigsh\u00f6he). Weitere Einzelheiten werden hier mit Sicherheit noch bekanntgegeben.<\/p>\n<h5>&#8230; und noch mehr Mittelalter<\/h5>\n<p>Da der 25. M\u00e4rz au\u00dferdem noch <a href=\"https:\/\/www.indiebookday.de\/\">Indiebookday<\/a> ist, sei hier noch auf einen kleinen Verlag mit \u00fcberwiegend mittelalterlichem Programm verwiesen, den <a href=\"https:\/\/burgenweltverlag.de\/\">Burgenwelt-Verlag<\/a>. Ich kann hier besonders <i>Tod einer Andentaube<\/i> und die Anthologie <i>Ges\u00e4nge aus dunklen Zeiten<\/i> empfehlen. Wer es auf mittelalterliche Krimis abgesehen hat, sollte sich beim Ammianus-Verlag <a href=\"http:\/\/www.ammianus.eu\/ammianus\/buecher\/mittelalter\/tod-einer-hofdame\">Tod einer Hofdame<\/a> von Isabella Benz anschauen.<\/p>\n","protected":false},"excerpt":{"rendered":"<p>Gestern Abend haben die Jubil\u00e4umsfeierlichkeiten f\u00fcr 900 Jahre seit der ersten urkundlichen Erw\u00e4hnung von Lindenfels begonnen, mit einer \u00f6ffentlichen Festsitzung der Stadtverordnetenversammlung. Er\u00f6ffnet und begleitet hat das Trio K\u00fchn &amp; Co. beswingt mit Kontrabass, Akkordeon und Saxophon. Der Stadtverordnetenvorsteher trug vor, was ChatGPT zum Thema zu sagen hatte, sp\u00e4ter wurde der Ministerpr\u00e4sident mit vergleichbaren Luftblasen [&hellip;]<\/p>\n","protected":false},"author":1,"featured_media":0,"comment_status":"open","ping_status":"open","sticky":false,"template":"","format":"standard","meta":{"footnotes":""},"categories":[16],"tags":[99,153,84,127,19,28],"class_list":["post-4839","post","type-post","status-publish","format-standard","hentry","category-odenwaelderei","tag-historisches","tag-krimi","tag-lesung","tag-mittelalter","tag-regionales","tag-roman"],"yoast_head":"<!-- This site is optimized with the Yoast SEO plugin v27.4 - https:\/\/yoast.com\/product\/yoast-seo-wordpress\/ -->\n<title>900 Jahre Lindenfels - La Ballade<\/title>\n<meta name=\"description\" content=\"Die Feierlichkeiten zu 900 Jahre Lindenfels haben begonnen, und zum Indiebookday gibt es Empfehlungen f\u00fcr mittelalterlichen Lesestoff\" \/>\n<meta name=\"robots\" content=\"index, follow, max-snippet:-1, max-image-preview:large, max-video-preview:-1\" \/>\n<link rel=\"canonical\" href=\"https:\/\/laballade.de\/wordpress\/900-jahre-lindenfels\/\" \/>\n<meta property=\"og:locale\" content=\"de_DE\" \/>\n<meta property=\"og:type\" content=\"article\" \/>\n<meta property=\"og:title\" content=\"900 Jahre Lindenfels - La Ballade\" \/>\n<meta property=\"og:description\" content=\"Die Feierlichkeiten zu 900 Jahre Lindenfels haben begonnen, und zum Indiebookday gibt es Empfehlungen f\u00fcr mittelalterlichen Lesestoff\" \/>\n<meta property=\"og:url\" content=\"https:\/\/laballade.de\/wordpress\/900-jahre-lindenfels\/\" \/>\n<meta property=\"og:site_name\" content=\"La Ballade\" \/>\n<meta property=\"article:published_time\" content=\"2023-03-25T17:39:21+00:00\" \/>\n<meta name=\"author\" content=\"Susanne\" \/>\n<meta name=\"twitter:card\" content=\"summary_large_image\" \/>\n<meta name=\"twitter:label1\" content=\"Verfasst von\" \/>\n\t<meta name=\"twitter:data1\" content=\"Susanne\" \/>\n\t<meta name=\"twitter:label2\" content=\"Gesch\u00e4tzte Lesezeit\" \/>\n\t<meta name=\"twitter:data2\" content=\"2\u00a0Minuten\" \/>\n<script type=\"application\/ld+json\" class=\"yoast-schema-graph\">{\"@context\":\"https:\\\/\\\/schema.org\",\"@graph\":[{\"@type\":\"Article\",\"@id\":\"https:\\\/\\\/laballade.de\\\/wordpress\\\/900-jahre-lindenfels\\\/#article\",\"isPartOf\":{\"@id\":\"https:\\\/\\\/laballade.de\\\/wordpress\\\/900-jahre-lindenfels\\\/\"},\"author\":{\"name\":\"Susanne\",\"@id\":\"https:\\\/\\\/laballade.de\\\/wordpress\\\/#\\\/schema\\\/person\\\/6fadccd64c10acbfe6c9d563789d29a1\"},\"headline\":\"900 Jahre Lindenfels\",\"datePublished\":\"2023-03-25T17:39:21+00:00\",\"mainEntityOfPage\":{\"@id\":\"https:\\\/\\\/laballade.de\\\/wordpress\\\/900-jahre-lindenfels\\\/\"},\"wordCount\":262,\"commentCount\":0,\"publisher\":{\"@id\":\"https:\\\/\\\/laballade.de\\\/wordpress\\\/#\\\/schema\\\/person\\\/6fadccd64c10acbfe6c9d563789d29a1\"},\"keywords\":[\"Historisches\",\"Krimi\",\"Lesung\",\"Mittelalter\",\"Regionales\",\"Roman\"],\"articleSection\":[\"Odenw\u00e4lderei\"],\"inLanguage\":\"de\",\"potentialAction\":[{\"@type\":\"CommentAction\",\"name\":\"Comment\",\"target\":[\"https:\\\/\\\/laballade.de\\\/wordpress\\\/900-jahre-lindenfels\\\/#respond\"]}]},{\"@type\":\"WebPage\",\"@id\":\"https:\\\/\\\/laballade.de\\\/wordpress\\\/900-jahre-lindenfels\\\/\",\"url\":\"https:\\\/\\\/laballade.de\\\/wordpress\\\/900-jahre-lindenfels\\\/\",\"name\":\"900 Jahre Lindenfels - La Ballade\",\"isPartOf\":{\"@id\":\"https:\\\/\\\/laballade.de\\\/wordpress\\\/#website\"},\"datePublished\":\"2023-03-25T17:39:21+00:00\",\"description\":\"Die Feierlichkeiten zu 900 Jahre Lindenfels haben begonnen, und zum Indiebookday gibt es Empfehlungen f\u00fcr mittelalterlichen Lesestoff\",\"breadcrumb\":{\"@id\":\"https:\\\/\\\/laballade.de\\\/wordpress\\\/900-jahre-lindenfels\\\/#breadcrumb\"},\"inLanguage\":\"de\",\"potentialAction\":[{\"@type\":\"ReadAction\",\"target\":[\"https:\\\/\\\/laballade.de\\\/wordpress\\\/900-jahre-lindenfels\\\/\"]}]},{\"@type\":\"BreadcrumbList\",\"@id\":\"https:\\\/\\\/laballade.de\\\/wordpress\\\/900-jahre-lindenfels\\\/#breadcrumb\",\"itemListElement\":[{\"@type\":\"ListItem\",\"position\":1,\"name\":\"Startseite\",\"item\":\"https:\\\/\\\/laballade.de\\\/wordpress\\\/\"},{\"@type\":\"ListItem\",\"position\":2,\"name\":\"900 Jahre Lindenfels\"}]},{\"@type\":\"WebSite\",\"@id\":\"https:\\\/\\\/laballade.de\\\/wordpress\\\/#website\",\"url\":\"https:\\\/\\\/laballade.de\\\/wordpress\\\/\",\"name\":\"La Ballade\",\"description\":\"Geschichten und Musik\",\"publisher\":{\"@id\":\"https:\\\/\\\/laballade.de\\\/wordpress\\\/#\\\/schema\\\/person\\\/6fadccd64c10acbfe6c9d563789d29a1\"},\"potentialAction\":[{\"@type\":\"SearchAction\",\"target\":{\"@type\":\"EntryPoint\",\"urlTemplate\":\"https:\\\/\\\/laballade.de\\\/wordpress\\\/?s={search_term_string}\"},\"query-input\":{\"@type\":\"PropertyValueSpecification\",\"valueRequired\":true,\"valueName\":\"search_term_string\"}}],\"inLanguage\":\"de\"},{\"@type\":[\"Person\",\"Organization\"],\"@id\":\"https:\\\/\\\/laballade.de\\\/wordpress\\\/#\\\/schema\\\/person\\\/6fadccd64c10acbfe6c9d563789d29a1\",\"name\":\"Susanne\",\"logo\":{\"@id\":\"https:\\\/\\\/laballade.de\\\/wordpress\\\/#\\\/schema\\\/person\\\/image\\\/\"},\"sameAs\":[\"https:\\\/\\\/www.laballade.de\"]}]}<\/script>\n<!-- \/ Yoast SEO plugin. -->","yoast_head_json":{"title":"900 Jahre Lindenfels - La Ballade","description":"Die Feierlichkeiten zu 900 Jahre Lindenfels haben begonnen, und zum Indiebookday gibt es Empfehlungen f\u00fcr mittelalterlichen Lesestoff","robots":{"index":"index","follow":"follow","max-snippet":"max-snippet:-1","max-image-preview":"max-image-preview:large","max-video-preview":"max-video-preview:-1"},"canonical":"https:\/\/laballade.de\/wordpress\/900-jahre-lindenfels\/","og_locale":"de_DE","og_type":"article","og_title":"900 Jahre Lindenfels - La Ballade","og_description":"Die Feierlichkeiten zu 900 Jahre Lindenfels haben begonnen, und zum Indiebookday gibt es Empfehlungen f\u00fcr mittelalterlichen Lesestoff","og_url":"https:\/\/laballade.de\/wordpress\/900-jahre-lindenfels\/","og_site_name":"La Ballade","article_published_time":"2023-03-25T17:39:21+00:00","author":"Susanne","twitter_card":"summary_large_image","twitter_misc":{"Verfasst von":"Susanne","Gesch\u00e4tzte Lesezeit":"2\u00a0Minuten"},"schema":{"@context":"https:\/\/schema.org","@graph":[{"@type":"Article","@id":"https:\/\/laballade.de\/wordpress\/900-jahre-lindenfels\/#article","isPartOf":{"@id":"https:\/\/laballade.de\/wordpress\/900-jahre-lindenfels\/"},"author":{"name":"Susanne","@id":"https:\/\/laballade.de\/wordpress\/#\/schema\/person\/6fadccd64c10acbfe6c9d563789d29a1"},"headline":"900 Jahre Lindenfels","datePublished":"2023-03-25T17:39:21+00:00","mainEntityOfPage":{"@id":"https:\/\/laballade.de\/wordpress\/900-jahre-lindenfels\/"},"wordCount":262,"commentCount":0,"publisher":{"@id":"https:\/\/laballade.de\/wordpress\/#\/schema\/person\/6fadccd64c10acbfe6c9d563789d29a1"},"keywords":["Historisches","Krimi","Lesung","Mittelalter","Regionales","Roman"],"articleSection":["Odenw\u00e4lderei"],"inLanguage":"de","potentialAction":[{"@type":"CommentAction","name":"Comment","target":["https:\/\/laballade.de\/wordpress\/900-jahre-lindenfels\/#respond"]}]},{"@type":"WebPage","@id":"https:\/\/laballade.de\/wordpress\/900-jahre-lindenfels\/","url":"https:\/\/laballade.de\/wordpress\/900-jahre-lindenfels\/","name":"900 Jahre Lindenfels - La Ballade","isPartOf":{"@id":"https:\/\/laballade.de\/wordpress\/#website"},"datePublished":"2023-03-25T17:39:21+00:00","description":"Die Feierlichkeiten zu 900 Jahre Lindenfels haben begonnen, und zum Indiebookday gibt es Empfehlungen f\u00fcr mittelalterlichen Lesestoff","breadcrumb":{"@id":"https:\/\/laballade.de\/wordpress\/900-jahre-lindenfels\/#breadcrumb"},"inLanguage":"de","potentialAction":[{"@type":"ReadAction","target":["https:\/\/laballade.de\/wordpress\/900-jahre-lindenfels\/"]}]},{"@type":"BreadcrumbList","@id":"https:\/\/laballade.de\/wordpress\/900-jahre-lindenfels\/#breadcrumb","itemListElement":[{"@type":"ListItem","position":1,"name":"Startseite","item":"https:\/\/laballade.de\/wordpress\/"},{"@type":"ListItem","position":2,"name":"900 Jahre Lindenfels"}]},{"@type":"WebSite","@id":"https:\/\/laballade.de\/wordpress\/#website","url":"https:\/\/laballade.de\/wordpress\/","name":"La Ballade","description":"Geschichten und Musik","publisher":{"@id":"https:\/\/laballade.de\/wordpress\/#\/schema\/person\/6fadccd64c10acbfe6c9d563789d29a1"},"potentialAction":[{"@type":"SearchAction","target":{"@type":"EntryPoint","urlTemplate":"https:\/\/laballade.de\/wordpress\/?s={search_term_string}"},"query-input":{"@type":"PropertyValueSpecification","valueRequired":true,"valueName":"search_term_string"}}],"inLanguage":"de"},{"@type":["Person","Organization"],"@id":"https:\/\/laballade.de\/wordpress\/#\/schema\/person\/6fadccd64c10acbfe6c9d563789d29a1","name":"Susanne","logo":{"@id":"https:\/\/laballade.de\/wordpress\/#\/schema\/person\/image\/"},"sameAs":["https:\/\/www.laballade.de"]}]}},"_links":{"self":[{"href":"https:\/\/laballade.de\/wordpress\/wp-json\/wp\/v2\/posts\/4839","targetHints":{"allow":["GET"]}}],"collection":[{"href":"https:\/\/laballade.de\/wordpress\/wp-json\/wp\/v2\/posts"}],"about":[{"href":"https:\/\/laballade.de\/wordpress\/wp-json\/wp\/v2\/types\/post"}],"author":[{"embeddable":true,"href":"https:\/\/laballade.de\/wordpress\/wp-json\/wp\/v2\/users\/1"}],"replies":[{"embeddable":true,"href":"https:\/\/laballade.de\/wordpress\/wp-json\/wp\/v2\/comments?post=4839"}],"version-history":[{"count":2,"href":"https:\/\/laballade.de\/wordpress\/wp-json\/wp\/v2\/posts\/4839\/revisions"}],"predecessor-version":[{"id":4841,"href":"https:\/\/laballade.de\/wordpress\/wp-json\/wp\/v2\/posts\/4839\/revisions\/4841"}],"wp:attachment":[{"href":"https:\/\/laballade.de\/wordpress\/wp-json\/wp\/v2\/media?parent=4839"}],"wp:term":[{"taxonomy":"category","embeddable":true,"href":"https:\/\/laballade.de\/wordpress\/wp-json\/wp\/v2\/categories?post=4839"},{"taxonomy":"post_tag","embeddable":true,"href":"https:\/\/laballade.de\/wordpress\/wp-json\/wp\/v2\/tags?post=4839"}],"curies":[{"name":"wp","href":"https:\/\/api.w.org\/{rel}","templated":true}]}}