{"id":4753,"date":"2022-12-19T17:29:07","date_gmt":"2022-12-19T16:29:07","guid":{"rendered":"https:\/\/laballade.de\/wordpress\/?p=4753"},"modified":"2024-10-01T18:02:03","modified_gmt":"2024-10-01T16:02:03","slug":"adventskalender-4-reichlich-nuss-und-mandelkern","status":"publish","type":"post","link":"https:\/\/laballade.de\/wordpress\/adventskalender-4-reichlich-nuss-und-mandelkern\/","title":{"rendered":"Reichlich Nuss und Mandelkern"},"content":{"rendered":"<p>Bin etwas sp\u00e4t dran mit Adventskalender Nr. 4, denn gestern war Probe der absolut einmaligen, unvergleichlichen Band Neckarklang. Zur besseren Vorbereitung der Dinge, die n\u00e4chstes Jahr kommen sollen, gab es Nervennahrung mit reichlich Nuss und Mandelkern. Mit Apfelringen statt Cranberrys l\u00e4sst sich das Ganze noch etwas traditioneller abwandeln.<\/p>\n<p>Hier kommt das Rezept:<\/p>\n<h4 class=\"western\">Zutaten<img loading=\"lazy\" decoding=\"async\" class=\"alignleft size-medium wp-image-4756\" src=\"https:\/\/laballade.de\/wordpress\/wp-content\/uploads\/2022\/12\/nut-g315de67ac_1920-300x252.jpg\" alt=\"Adventskalender 4 - Reichlich Nuss und Mandelkern\" width=\"300\" height=\"252\" srcset=\"https:\/\/laballade.de\/wordpress\/wp-content\/uploads\/2022\/12\/nut-g315de67ac_1920-300x252.jpg 300w, https:\/\/laballade.de\/wordpress\/wp-content\/uploads\/2022\/12\/nut-g315de67ac_1920-1024x860.jpg 1024w, https:\/\/laballade.de\/wordpress\/wp-content\/uploads\/2022\/12\/nut-g315de67ac_1920-768x645.jpg 768w, https:\/\/laballade.de\/wordpress\/wp-content\/uploads\/2022\/12\/nut-g315de67ac_1920-1536x1290.jpg 1536w, https:\/\/laballade.de\/wordpress\/wp-content\/uploads\/2022\/12\/nut-g315de67ac_1920-900x756.jpg 900w, https:\/\/laballade.de\/wordpress\/wp-content\/uploads\/2022\/12\/nut-g315de67ac_1920-1280x1075.jpg 1280w, https:\/\/laballade.de\/wordpress\/wp-content\/uploads\/2022\/12\/nut-g315de67ac_1920.jpg 1920w\" sizes=\"auto, (max-width: 300px) 100vw, 300px\" \/><\/h4>\n<ul>\n<li>200 g gemischte N\u00fcsse (Haseln\u00fcsse, Cashews, Mandeln, Waln\u00fcsse &#8230;)<\/li>\n<li>20 g Pistazien<\/li>\n<li>10 g gehackte Leinsamen<\/li>\n<li>20 g Sonnenblumenkerne<\/li>\n<li>100 g feine 3-Korn-Flocken<\/li>\n<li>25 g getrocknete Cranberrys<\/li>\n<li>25 g Sultaninen<\/li>\n<li>100 g Butter<\/li>\n<li>100 g Honig<\/li>\n<li>1 EL Orangenessenz<\/li>\n<li>1 Prise Zimt<\/li>\n<li>1 Prise Salz<\/li>\n<li>1 Eiwei\u00df<\/li>\n<\/ul>\n<p>N\u00fcsse grob hacken, entweder mit dem Messer oder einem geeigneten K\u00fcchenger\u00e4t. (Gibt\u2019s auch in nicht-elektrisch.) Nach Wunsch die Pistazien und\/oder einen Teil der N\u00fcsse ganz lassen.<\/p>\n<p>N\u00fcsse, Leinsamen und Sonnenblumenkerne in einer trockenen Pfanne gr\u00fcndlich r\u00f6sten, dann in eine Sch\u00fcssel umf\u00fcllen.<\/p>\n<p>In der trockenen Pfanne die Getreideflocken r\u00f6sten.<\/p>\n<p>Cranberrys hacken und mit den Flocken zu den N\u00fcssen geben.<\/p>\n<p>Butter in einem Topf zerlassen und den Honig einr\u00fchren. Mit Orangenessenz, Zimt und Salz aromatisieren. Das Gemisch zu den N\u00fcssen geben und unterr\u00fchren.<\/p>\n<p>Eiwei\u00df sehr steif schlagen.<\/p>\n<p>Backofen auf 170 \u00b0C vorheizen.<\/p>\n<p>Die Nussmischung noch einmal abschmecken, dann das Eiwei\u00df dazugeben. Gut mischen, eventuell mit den H\u00e4nden verkneten.<\/p>\n<p>Backblech mit Backpapier\/Backmatte auslegen. Den Teig hineindr\u00fccken, sodass er am Ende etwa 2 cm dick ist. Im Zweifelsfall lieber etwas fester dr\u00fccken.<\/p>\n<p>20 Minuten im Ofen backen.<\/p>\n<p>Anschlie\u00dfend vollst\u00e4ndig abk\u00fchlen lassen (evtl. bei Minusgraden auf dem Balkon). Dann erst in Streifen oder Rauten schneiden.<\/p>\n<p>Guten Appetit.<\/p>\n<p>Mehr wintertaugliches Geb\u00e4ck (und eine Geschichte dazu) gibt es z. B. hier.<\/p>\n<h3 class=\"western\"><\/h3>\n","protected":false},"excerpt":{"rendered":"<p>Bin etwas sp\u00e4t dran mit Adventskalender Nr. 4, denn gestern war Probe der absolut einmaligen, unvergleichlichen Band Neckarklang. Zur besseren Vorbereitung der Dinge, die n\u00e4chstes Jahr kommen sollen, gab es Nervennahrung mit reichlich Nuss und Mandelkern. Mit Apfelringen statt Cranberrys l\u00e4sst sich das Ganze noch etwas traditioneller abwandeln. Hier kommt das Rezept: Zutaten 200 g [&hellip;]<\/p>\n","protected":false},"author":1,"featured_media":0,"comment_status":"open","ping_status":"open","sticky":false,"template":"","format":"standard","meta":{"footnotes":""},"categories":[5],"tags":[134,18,119],"class_list":["post-4753","post","type-post","status-publish","format-standard","hentry","category-echtes-essen","tag-backen","tag-bio-zutaten","tag-rezepte"],"yoast_head":"<!-- This site is optimized with the Yoast SEO plugin v27.4 - https:\/\/yoast.com\/product\/yoast-seo-wordpress\/ -->\n<title>Reichlich Nuss und Mandelkern - La Ballade<\/title>\n<meta name=\"description\" content=\"Im Adventskalender Nr. 4 gibt es reichlich Nuss und Mandelkern als Nervennahrung in der Vorweihnachtszeit und zum Wiederauftanken danach.\" \/>\n<meta name=\"robots\" content=\"index, follow, max-snippet:-1, max-image-preview:large, max-video-preview:-1\" \/>\n<link rel=\"canonical\" href=\"https:\/\/laballade.de\/wordpress\/adventskalender-4-reichlich-nuss-und-mandelkern\/\" \/>\n<meta property=\"og:locale\" content=\"de_DE\" \/>\n<meta property=\"og:type\" content=\"article\" \/>\n<meta property=\"og:title\" content=\"Reichlich Nuss und Mandelkern - La Ballade\" \/>\n<meta property=\"og:description\" content=\"Im Adventskalender Nr. 4 gibt es reichlich Nuss und Mandelkern als Nervennahrung in der Vorweihnachtszeit und zum Wiederauftanken danach.\" \/>\n<meta property=\"og:url\" content=\"https:\/\/laballade.de\/wordpress\/adventskalender-4-reichlich-nuss-und-mandelkern\/\" \/>\n<meta property=\"og:site_name\" content=\"La Ballade\" \/>\n<meta property=\"article:published_time\" content=\"2022-12-19T16:29:07+00:00\" \/>\n<meta property=\"article:modified_time\" content=\"2024-10-01T16:02:03+00:00\" \/>\n<meta property=\"og:image\" content=\"https:\/\/laballade.de\/wordpress\/wp-content\/uploads\/2022\/12\/nut-g315de67ac_1920-300x252.jpg\" \/>\n<meta name=\"author\" content=\"Susanne\" \/>\n<meta name=\"twitter:card\" content=\"summary_large_image\" \/>\n<meta name=\"twitter:label1\" content=\"Verfasst von\" \/>\n\t<meta name=\"twitter:data1\" content=\"Susanne\" \/>\n\t<meta name=\"twitter:label2\" content=\"Gesch\u00e4tzte Lesezeit\" \/>\n\t<meta name=\"twitter:data2\" content=\"2\u00a0Minuten\" \/>\n<script type=\"application\/ld+json\" class=\"yoast-schema-graph\">{\"@context\":\"https:\\\/\\\/schema.org\",\"@graph\":[{\"@type\":\"Article\",\"@id\":\"https:\\\/\\\/laballade.de\\\/wordpress\\\/adventskalender-4-reichlich-nuss-und-mandelkern\\\/#article\",\"isPartOf\":{\"@id\":\"https:\\\/\\\/laballade.de\\\/wordpress\\\/adventskalender-4-reichlich-nuss-und-mandelkern\\\/\"},\"author\":{\"name\":\"Susanne\",\"@id\":\"https:\\\/\\\/laballade.de\\\/wordpress\\\/#\\\/schema\\\/person\\\/6fadccd64c10acbfe6c9d563789d29a1\"},\"headline\":\"Reichlich Nuss und Mandelkern\",\"datePublished\":\"2022-12-19T16:29:07+00:00\",\"dateModified\":\"2024-10-01T16:02:03+00:00\",\"mainEntityOfPage\":{\"@id\":\"https:\\\/\\\/laballade.de\\\/wordpress\\\/adventskalender-4-reichlich-nuss-und-mandelkern\\\/\"},\"wordCount\":280,\"commentCount\":0,\"publisher\":{\"@id\":\"https:\\\/\\\/laballade.de\\\/wordpress\\\/#\\\/schema\\\/person\\\/6fadccd64c10acbfe6c9d563789d29a1\"},\"image\":{\"@id\":\"https:\\\/\\\/laballade.de\\\/wordpress\\\/adventskalender-4-reichlich-nuss-und-mandelkern\\\/#primaryimage\"},\"thumbnailUrl\":\"https:\\\/\\\/laballade.de\\\/wordpress\\\/wp-content\\\/uploads\\\/2022\\\/12\\\/nut-g315de67ac_1920-300x252.jpg\",\"keywords\":[\"Backen\",\"Bio-Zutaten\",\"Rezepte\"],\"articleSection\":[\"Echtes Essen\"],\"inLanguage\":\"de\",\"potentialAction\":[{\"@type\":\"CommentAction\",\"name\":\"Comment\",\"target\":[\"https:\\\/\\\/laballade.de\\\/wordpress\\\/adventskalender-4-reichlich-nuss-und-mandelkern\\\/#respond\"]}]},{\"@type\":\"WebPage\",\"@id\":\"https:\\\/\\\/laballade.de\\\/wordpress\\\/adventskalender-4-reichlich-nuss-und-mandelkern\\\/\",\"url\":\"https:\\\/\\\/laballade.de\\\/wordpress\\\/adventskalender-4-reichlich-nuss-und-mandelkern\\\/\",\"name\":\"Reichlich Nuss und Mandelkern - La Ballade\",\"isPartOf\":{\"@id\":\"https:\\\/\\\/laballade.de\\\/wordpress\\\/#website\"},\"primaryImageOfPage\":{\"@id\":\"https:\\\/\\\/laballade.de\\\/wordpress\\\/adventskalender-4-reichlich-nuss-und-mandelkern\\\/#primaryimage\"},\"image\":{\"@id\":\"https:\\\/\\\/laballade.de\\\/wordpress\\\/adventskalender-4-reichlich-nuss-und-mandelkern\\\/#primaryimage\"},\"thumbnailUrl\":\"https:\\\/\\\/laballade.de\\\/wordpress\\\/wp-content\\\/uploads\\\/2022\\\/12\\\/nut-g315de67ac_1920-300x252.jpg\",\"datePublished\":\"2022-12-19T16:29:07+00:00\",\"dateModified\":\"2024-10-01T16:02:03+00:00\",\"description\":\"Im Adventskalender Nr. 4 gibt es reichlich Nuss und Mandelkern als Nervennahrung in der Vorweihnachtszeit und zum Wiederauftanken danach.\",\"breadcrumb\":{\"@id\":\"https:\\\/\\\/laballade.de\\\/wordpress\\\/adventskalender-4-reichlich-nuss-und-mandelkern\\\/#breadcrumb\"},\"inLanguage\":\"de\",\"potentialAction\":[{\"@type\":\"ReadAction\",\"target\":[\"https:\\\/\\\/laballade.de\\\/wordpress\\\/adventskalender-4-reichlich-nuss-und-mandelkern\\\/\"]}]},{\"@type\":\"ImageObject\",\"inLanguage\":\"de\",\"@id\":\"https:\\\/\\\/laballade.de\\\/wordpress\\\/adventskalender-4-reichlich-nuss-und-mandelkern\\\/#primaryimage\",\"url\":\"https:\\\/\\\/laballade.de\\\/wordpress\\\/wp-content\\\/uploads\\\/2022\\\/12\\\/nut-g315de67ac_1920.jpg\",\"contentUrl\":\"https:\\\/\\\/laballade.de\\\/wordpress\\\/wp-content\\\/uploads\\\/2022\\\/12\\\/nut-g315de67ac_1920.jpg\",\"width\":1920,\"height\":1612,\"caption\":\"Adventskalender 4 - Reichlich Nuss und Mandelkern\"},{\"@type\":\"BreadcrumbList\",\"@id\":\"https:\\\/\\\/laballade.de\\\/wordpress\\\/adventskalender-4-reichlich-nuss-und-mandelkern\\\/#breadcrumb\",\"itemListElement\":[{\"@type\":\"ListItem\",\"position\":1,\"name\":\"Startseite\",\"item\":\"https:\\\/\\\/laballade.de\\\/wordpress\\\/\"},{\"@type\":\"ListItem\",\"position\":2,\"name\":\"Adventskalender 4 &#8211; Reichlich Nuss und Mandelkern\"}]},{\"@type\":\"WebSite\",\"@id\":\"https:\\\/\\\/laballade.de\\\/wordpress\\\/#website\",\"url\":\"https:\\\/\\\/laballade.de\\\/wordpress\\\/\",\"name\":\"La Ballade\",\"description\":\"Geschichten und Musik\",\"publisher\":{\"@id\":\"https:\\\/\\\/laballade.de\\\/wordpress\\\/#\\\/schema\\\/person\\\/6fadccd64c10acbfe6c9d563789d29a1\"},\"potentialAction\":[{\"@type\":\"SearchAction\",\"target\":{\"@type\":\"EntryPoint\",\"urlTemplate\":\"https:\\\/\\\/laballade.de\\\/wordpress\\\/?s={search_term_string}\"},\"query-input\":{\"@type\":\"PropertyValueSpecification\",\"valueRequired\":true,\"valueName\":\"search_term_string\"}}],\"inLanguage\":\"de\"},{\"@type\":[\"Person\",\"Organization\"],\"@id\":\"https:\\\/\\\/laballade.de\\\/wordpress\\\/#\\\/schema\\\/person\\\/6fadccd64c10acbfe6c9d563789d29a1\",\"name\":\"Susanne\",\"logo\":{\"@id\":\"https:\\\/\\\/laballade.de\\\/wordpress\\\/#\\\/schema\\\/person\\\/image\\\/\"},\"sameAs\":[\"https:\\\/\\\/www.laballade.de\"]}]}<\/script>\n<!-- \/ Yoast SEO plugin. -->","yoast_head_json":{"title":"Reichlich Nuss und Mandelkern - La Ballade","description":"Im Adventskalender Nr. 4 gibt es reichlich Nuss und Mandelkern als Nervennahrung in der Vorweihnachtszeit und zum Wiederauftanken danach.","robots":{"index":"index","follow":"follow","max-snippet":"max-snippet:-1","max-image-preview":"max-image-preview:large","max-video-preview":"max-video-preview:-1"},"canonical":"https:\/\/laballade.de\/wordpress\/adventskalender-4-reichlich-nuss-und-mandelkern\/","og_locale":"de_DE","og_type":"article","og_title":"Reichlich Nuss und Mandelkern - La Ballade","og_description":"Im Adventskalender Nr. 4 gibt es reichlich Nuss und Mandelkern als Nervennahrung in der Vorweihnachtszeit und zum Wiederauftanken danach.","og_url":"https:\/\/laballade.de\/wordpress\/adventskalender-4-reichlich-nuss-und-mandelkern\/","og_site_name":"La Ballade","article_published_time":"2022-12-19T16:29:07+00:00","article_modified_time":"2024-10-01T16:02:03+00:00","og_image":[{"url":"https:\/\/laballade.de\/wordpress\/wp-content\/uploads\/2022\/12\/nut-g315de67ac_1920-300x252.jpg","type":"","width":"","height":""}],"author":"Susanne","twitter_card":"summary_large_image","twitter_misc":{"Verfasst von":"Susanne","Gesch\u00e4tzte Lesezeit":"2\u00a0Minuten"},"schema":{"@context":"https:\/\/schema.org","@graph":[{"@type":"Article","@id":"https:\/\/laballade.de\/wordpress\/adventskalender-4-reichlich-nuss-und-mandelkern\/#article","isPartOf":{"@id":"https:\/\/laballade.de\/wordpress\/adventskalender-4-reichlich-nuss-und-mandelkern\/"},"author":{"name":"Susanne","@id":"https:\/\/laballade.de\/wordpress\/#\/schema\/person\/6fadccd64c10acbfe6c9d563789d29a1"},"headline":"Reichlich Nuss und Mandelkern","datePublished":"2022-12-19T16:29:07+00:00","dateModified":"2024-10-01T16:02:03+00:00","mainEntityOfPage":{"@id":"https:\/\/laballade.de\/wordpress\/adventskalender-4-reichlich-nuss-und-mandelkern\/"},"wordCount":280,"commentCount":0,"publisher":{"@id":"https:\/\/laballade.de\/wordpress\/#\/schema\/person\/6fadccd64c10acbfe6c9d563789d29a1"},"image":{"@id":"https:\/\/laballade.de\/wordpress\/adventskalender-4-reichlich-nuss-und-mandelkern\/#primaryimage"},"thumbnailUrl":"https:\/\/laballade.de\/wordpress\/wp-content\/uploads\/2022\/12\/nut-g315de67ac_1920-300x252.jpg","keywords":["Backen","Bio-Zutaten","Rezepte"],"articleSection":["Echtes Essen"],"inLanguage":"de","potentialAction":[{"@type":"CommentAction","name":"Comment","target":["https:\/\/laballade.de\/wordpress\/adventskalender-4-reichlich-nuss-und-mandelkern\/#respond"]}]},{"@type":"WebPage","@id":"https:\/\/laballade.de\/wordpress\/adventskalender-4-reichlich-nuss-und-mandelkern\/","url":"https:\/\/laballade.de\/wordpress\/adventskalender-4-reichlich-nuss-und-mandelkern\/","name":"Reichlich Nuss und Mandelkern - La Ballade","isPartOf":{"@id":"https:\/\/laballade.de\/wordpress\/#website"},"primaryImageOfPage":{"@id":"https:\/\/laballade.de\/wordpress\/adventskalender-4-reichlich-nuss-und-mandelkern\/#primaryimage"},"image":{"@id":"https:\/\/laballade.de\/wordpress\/adventskalender-4-reichlich-nuss-und-mandelkern\/#primaryimage"},"thumbnailUrl":"https:\/\/laballade.de\/wordpress\/wp-content\/uploads\/2022\/12\/nut-g315de67ac_1920-300x252.jpg","datePublished":"2022-12-19T16:29:07+00:00","dateModified":"2024-10-01T16:02:03+00:00","description":"Im Adventskalender Nr. 4 gibt es reichlich Nuss und Mandelkern als Nervennahrung in der Vorweihnachtszeit und zum Wiederauftanken danach.","breadcrumb":{"@id":"https:\/\/laballade.de\/wordpress\/adventskalender-4-reichlich-nuss-und-mandelkern\/#breadcrumb"},"inLanguage":"de","potentialAction":[{"@type":"ReadAction","target":["https:\/\/laballade.de\/wordpress\/adventskalender-4-reichlich-nuss-und-mandelkern\/"]}]},{"@type":"ImageObject","inLanguage":"de","@id":"https:\/\/laballade.de\/wordpress\/adventskalender-4-reichlich-nuss-und-mandelkern\/#primaryimage","url":"https:\/\/laballade.de\/wordpress\/wp-content\/uploads\/2022\/12\/nut-g315de67ac_1920.jpg","contentUrl":"https:\/\/laballade.de\/wordpress\/wp-content\/uploads\/2022\/12\/nut-g315de67ac_1920.jpg","width":1920,"height":1612,"caption":"Adventskalender 4 - Reichlich Nuss und Mandelkern"},{"@type":"BreadcrumbList","@id":"https:\/\/laballade.de\/wordpress\/adventskalender-4-reichlich-nuss-und-mandelkern\/#breadcrumb","itemListElement":[{"@type":"ListItem","position":1,"name":"Startseite","item":"https:\/\/laballade.de\/wordpress\/"},{"@type":"ListItem","position":2,"name":"Adventskalender 4 &#8211; Reichlich Nuss und Mandelkern"}]},{"@type":"WebSite","@id":"https:\/\/laballade.de\/wordpress\/#website","url":"https:\/\/laballade.de\/wordpress\/","name":"La Ballade","description":"Geschichten und Musik","publisher":{"@id":"https:\/\/laballade.de\/wordpress\/#\/schema\/person\/6fadccd64c10acbfe6c9d563789d29a1"},"potentialAction":[{"@type":"SearchAction","target":{"@type":"EntryPoint","urlTemplate":"https:\/\/laballade.de\/wordpress\/?s={search_term_string}"},"query-input":{"@type":"PropertyValueSpecification","valueRequired":true,"valueName":"search_term_string"}}],"inLanguage":"de"},{"@type":["Person","Organization"],"@id":"https:\/\/laballade.de\/wordpress\/#\/schema\/person\/6fadccd64c10acbfe6c9d563789d29a1","name":"Susanne","logo":{"@id":"https:\/\/laballade.de\/wordpress\/#\/schema\/person\/image\/"},"sameAs":["https:\/\/www.laballade.de"]}]}},"_links":{"self":[{"href":"https:\/\/laballade.de\/wordpress\/wp-json\/wp\/v2\/posts\/4753","targetHints":{"allow":["GET"]}}],"collection":[{"href":"https:\/\/laballade.de\/wordpress\/wp-json\/wp\/v2\/posts"}],"about":[{"href":"https:\/\/laballade.de\/wordpress\/wp-json\/wp\/v2\/types\/post"}],"author":[{"embeddable":true,"href":"https:\/\/laballade.de\/wordpress\/wp-json\/wp\/v2\/users\/1"}],"replies":[{"embeddable":true,"href":"https:\/\/laballade.de\/wordpress\/wp-json\/wp\/v2\/comments?post=4753"}],"version-history":[{"count":4,"href":"https:\/\/laballade.de\/wordpress\/wp-json\/wp\/v2\/posts\/4753\/revisions"}],"predecessor-version":[{"id":5563,"href":"https:\/\/laballade.de\/wordpress\/wp-json\/wp\/v2\/posts\/4753\/revisions\/5563"}],"wp:attachment":[{"href":"https:\/\/laballade.de\/wordpress\/wp-json\/wp\/v2\/media?parent=4753"}],"wp:term":[{"taxonomy":"category","embeddable":true,"href":"https:\/\/laballade.de\/wordpress\/wp-json\/wp\/v2\/categories?post=4753"},{"taxonomy":"post_tag","embeddable":true,"href":"https:\/\/laballade.de\/wordpress\/wp-json\/wp\/v2\/tags?post=4753"}],"curies":[{"name":"wp","href":"https:\/\/api.w.org\/{rel}","templated":true}]}}