{"id":4353,"date":"2021-05-09T11:09:30","date_gmt":"2021-05-09T09:09:30","guid":{"rendered":"https:\/\/laballade.de\/wordpress\/?p=4353"},"modified":"2021-05-09T11:09:30","modified_gmt":"2021-05-09T09:09:30","slug":"apfeleis-zum-muttertag","status":"publish","type":"post","link":"https:\/\/laballade.de\/wordpress\/apfeleis-zum-muttertag\/","title":{"rendered":"Apfeleis zum Muttertag"},"content":{"rendered":"<p>Beim #Autor_innensonntag bin ich deutlich im Hintertreffen, also gibt es heute ein Rezept f\u00fcr <strong>Apfeleis zum Muttertag<\/strong>.<\/p>\n<p><img loading=\"lazy\" decoding=\"async\" class=\"alignleft size-medium wp-image-4356\" src=\"https:\/\/laballade.de\/wordpress\/wp-content\/uploads\/2021\/05\/apples-5543778_1920-300x212.jpg\" alt=\"Apfeleis zum Muttertag\" width=\"300\" height=\"212\" srcset=\"https:\/\/laballade.de\/wordpress\/wp-content\/uploads\/2021\/05\/apples-5543778_1920-300x212.jpg 300w, https:\/\/laballade.de\/wordpress\/wp-content\/uploads\/2021\/05\/apples-5543778_1920-1024x723.jpg 1024w, https:\/\/laballade.de\/wordpress\/wp-content\/uploads\/2021\/05\/apples-5543778_1920-768x542.jpg 768w, https:\/\/laballade.de\/wordpress\/wp-content\/uploads\/2021\/05\/apples-5543778_1920-1536x1084.jpg 1536w, https:\/\/laballade.de\/wordpress\/wp-content\/uploads\/2021\/05\/apples-5543778_1920-900x635.jpg 900w, https:\/\/laballade.de\/wordpress\/wp-content\/uploads\/2021\/05\/apples-5543778_1920-1280x903.jpg 1280w, https:\/\/laballade.de\/wordpress\/wp-content\/uploads\/2021\/05\/apples-5543778_1920.jpg 1920w\" sizes=\"auto, (max-width: 300px) 100vw, 300px\" \/>Dazu braucht es:<\/p>\n<ul>\n<li>5 kleine \u00c4pfel<\/li>\n<li>1 kleine Zitrone<\/li>\n<li>1 Handvoll Rosinen<\/li>\n<li>2 EL Apfelbrand (z. B. von <a href=\"https:\/\/www.kreiswald.de\/brennerei\/\">hier<\/a>)<\/li>\n<li>3 Scheiben R\u00fchrkuchen mit Schokost\u00fcckchen<\/li>\n<li>150 g Naturjoghurt<\/li>\n<li>1 Handvoll N\u00fcsse<\/li>\n<\/ul>\n<p>Die Rosinen in Apfelbrand einweichen. Die Zitrone auspressen.<\/p>\n<p>Die \u00c4pfel in St\u00fccke schneiden, sch\u00e4len und das Kernhaus entfernen. In den Mixbecher geben. Dazu den Kuchen und den Joghurt und das Ganze p\u00fcrieren.<\/p>\n<p>Die Rosinen abgie\u00dfen und unter die Apfelmasse heben, die N\u00fcsse ebenso. Alles gut mischen, in eine Gefrierdose f\u00fcllen und ins Gefrierfach stellen. Etwa alle 30 Minuten durchr\u00fchren, bis es fest wird.<\/p>\n<p>Guten Appetit.<\/p>\n<p>Mehr \u00c4pfel gibt es z. B. <a href=\"https:\/\/laballade.de\/wordpress\/aepfel\/\">hier<\/a>, mehr Eis <a href=\"https:\/\/laballade.de\/wordpress\/die-verarbeitung-der-odenwaelder-kiwi-ernte\/\">hier<\/a>.<\/p>\n<p>Bildquelle: Pixabay<\/p>\n","protected":false},"excerpt":{"rendered":"<p>Beim #Autor_innensonntag bin ich deutlich im Hintertreffen, also gibt es heute ein Rezept f\u00fcr Apfeleis zum Muttertag. Dazu braucht es: 5 kleine \u00c4pfel 1 kleine Zitrone 1 Handvoll Rosinen 2 EL Apfelbrand (z. B. von hier) 3 Scheiben R\u00fchrkuchen mit Schokost\u00fcckchen 150 g Naturjoghurt 1 Handvoll N\u00fcsse Die Rosinen in Apfelbrand einweichen. Die Zitrone auspressen. [&hellip;]<\/p>\n","protected":false},"author":1,"featured_media":0,"comment_status":"open","ping_status":"open","sticky":false,"template":"","format":"standard","meta":{"footnotes":""},"categories":[5],"tags":[118,18,137,206,19,119],"class_list":["post-4353","post","type-post","status-publish","format-standard","hentry","category-echtes-essen","tag-aepfel","tag-bio-zutaten","tag-eis","tag-nuesse","tag-regionales","tag-rezepte"],"yoast_head":"<!-- This site is optimized with the Yoast SEO plugin v27.4 - https:\/\/yoast.com\/product\/yoast-seo-wordpress\/ -->\n<title>Apfeleis zum Muttertag - La Ballade<\/title>\n<meta name=\"description\" content=\"Heute gibt es nach l\u00e4ngerer Abstinenz mal wieder ein Rezept: Apfeleis zum Muttertag, geeignet zum Aufbrauchen von Lagerbest\u00e4nden\" \/>\n<meta name=\"robots\" content=\"index, follow, max-snippet:-1, max-image-preview:large, max-video-preview:-1\" \/>\n<link rel=\"canonical\" href=\"https:\/\/laballade.de\/wordpress\/apfeleis-zum-muttertag\/\" \/>\n<meta property=\"og:locale\" content=\"de_DE\" \/>\n<meta property=\"og:type\" content=\"article\" \/>\n<meta property=\"og:title\" content=\"Apfeleis zum Muttertag - La Ballade\" \/>\n<meta property=\"og:description\" content=\"Heute gibt es nach l\u00e4ngerer Abstinenz mal wieder ein Rezept: Apfeleis zum Muttertag, geeignet zum Aufbrauchen von Lagerbest\u00e4nden\" \/>\n<meta property=\"og:url\" content=\"https:\/\/laballade.de\/wordpress\/apfeleis-zum-muttertag\/\" \/>\n<meta property=\"og:site_name\" content=\"La Ballade\" \/>\n<meta property=\"article:published_time\" content=\"2021-05-09T09:09:30+00:00\" \/>\n<meta property=\"og:image\" content=\"https:\/\/laballade.de\/wordpress\/wp-content\/uploads\/2021\/05\/apples-5543778_1920-300x212.jpg\" \/>\n<meta name=\"author\" content=\"Susanne\" \/>\n<meta name=\"twitter:card\" content=\"summary_large_image\" \/>\n<meta name=\"twitter:label1\" content=\"Verfasst von\" \/>\n\t<meta name=\"twitter:data1\" content=\"Susanne\" \/>\n\t<meta name=\"twitter:label2\" content=\"Gesch\u00e4tzte Lesezeit\" \/>\n\t<meta name=\"twitter:data2\" content=\"1\u00a0Minute\" \/>\n<script type=\"application\/ld+json\" class=\"yoast-schema-graph\">{\"@context\":\"https:\\\/\\\/schema.org\",\"@graph\":[{\"@type\":\"Article\",\"@id\":\"https:\\\/\\\/laballade.de\\\/wordpress\\\/apfeleis-zum-muttertag\\\/#article\",\"isPartOf\":{\"@id\":\"https:\\\/\\\/laballade.de\\\/wordpress\\\/apfeleis-zum-muttertag\\\/\"},\"author\":{\"name\":\"Susanne\",\"@id\":\"https:\\\/\\\/laballade.de\\\/wordpress\\\/#\\\/schema\\\/person\\\/6fadccd64c10acbfe6c9d563789d29a1\"},\"headline\":\"Apfeleis zum Muttertag\",\"datePublished\":\"2021-05-09T09:09:30+00:00\",\"mainEntityOfPage\":{\"@id\":\"https:\\\/\\\/laballade.de\\\/wordpress\\\/apfeleis-zum-muttertag\\\/\"},\"wordCount\":131,\"commentCount\":0,\"publisher\":{\"@id\":\"https:\\\/\\\/laballade.de\\\/wordpress\\\/#\\\/schema\\\/person\\\/6fadccd64c10acbfe6c9d563789d29a1\"},\"image\":{\"@id\":\"https:\\\/\\\/laballade.de\\\/wordpress\\\/apfeleis-zum-muttertag\\\/#primaryimage\"},\"thumbnailUrl\":\"https:\\\/\\\/laballade.de\\\/wordpress\\\/wp-content\\\/uploads\\\/2021\\\/05\\\/apples-5543778_1920-300x212.jpg\",\"keywords\":[\"\u00c4pfel\",\"Bio-Zutaten\",\"Eis\",\"N\u00fcsse\",\"Regionales\",\"Rezepte\"],\"articleSection\":[\"Echtes Essen\"],\"inLanguage\":\"de\",\"potentialAction\":[{\"@type\":\"CommentAction\",\"name\":\"Comment\",\"target\":[\"https:\\\/\\\/laballade.de\\\/wordpress\\\/apfeleis-zum-muttertag\\\/#respond\"]}]},{\"@type\":\"WebPage\",\"@id\":\"https:\\\/\\\/laballade.de\\\/wordpress\\\/apfeleis-zum-muttertag\\\/\",\"url\":\"https:\\\/\\\/laballade.de\\\/wordpress\\\/apfeleis-zum-muttertag\\\/\",\"name\":\"Apfeleis zum Muttertag - La Ballade\",\"isPartOf\":{\"@id\":\"https:\\\/\\\/laballade.de\\\/wordpress\\\/#website\"},\"primaryImageOfPage\":{\"@id\":\"https:\\\/\\\/laballade.de\\\/wordpress\\\/apfeleis-zum-muttertag\\\/#primaryimage\"},\"image\":{\"@id\":\"https:\\\/\\\/laballade.de\\\/wordpress\\\/apfeleis-zum-muttertag\\\/#primaryimage\"},\"thumbnailUrl\":\"https:\\\/\\\/laballade.de\\\/wordpress\\\/wp-content\\\/uploads\\\/2021\\\/05\\\/apples-5543778_1920-300x212.jpg\",\"datePublished\":\"2021-05-09T09:09:30+00:00\",\"description\":\"Heute gibt es nach l\u00e4ngerer Abstinenz mal wieder ein Rezept: Apfeleis zum Muttertag, geeignet zum Aufbrauchen von Lagerbest\u00e4nden\",\"breadcrumb\":{\"@id\":\"https:\\\/\\\/laballade.de\\\/wordpress\\\/apfeleis-zum-muttertag\\\/#breadcrumb\"},\"inLanguage\":\"de\",\"potentialAction\":[{\"@type\":\"ReadAction\",\"target\":[\"https:\\\/\\\/laballade.de\\\/wordpress\\\/apfeleis-zum-muttertag\\\/\"]}]},{\"@type\":\"ImageObject\",\"inLanguage\":\"de\",\"@id\":\"https:\\\/\\\/laballade.de\\\/wordpress\\\/apfeleis-zum-muttertag\\\/#primaryimage\",\"url\":\"https:\\\/\\\/laballade.de\\\/wordpress\\\/wp-content\\\/uploads\\\/2021\\\/05\\\/apples-5543778_1920.jpg\",\"contentUrl\":\"https:\\\/\\\/laballade.de\\\/wordpress\\\/wp-content\\\/uploads\\\/2021\\\/05\\\/apples-5543778_1920.jpg\",\"width\":1920,\"height\":1355,\"caption\":\"Apfeleis zum Muttertag\"},{\"@type\":\"BreadcrumbList\",\"@id\":\"https:\\\/\\\/laballade.de\\\/wordpress\\\/apfeleis-zum-muttertag\\\/#breadcrumb\",\"itemListElement\":[{\"@type\":\"ListItem\",\"position\":1,\"name\":\"Startseite\",\"item\":\"https:\\\/\\\/laballade.de\\\/wordpress\\\/\"},{\"@type\":\"ListItem\",\"position\":2,\"name\":\"Apfeleis zum Muttertag\"}]},{\"@type\":\"WebSite\",\"@id\":\"https:\\\/\\\/laballade.de\\\/wordpress\\\/#website\",\"url\":\"https:\\\/\\\/laballade.de\\\/wordpress\\\/\",\"name\":\"La Ballade\",\"description\":\"Geschichten und Musik\",\"publisher\":{\"@id\":\"https:\\\/\\\/laballade.de\\\/wordpress\\\/#\\\/schema\\\/person\\\/6fadccd64c10acbfe6c9d563789d29a1\"},\"potentialAction\":[{\"@type\":\"SearchAction\",\"target\":{\"@type\":\"EntryPoint\",\"urlTemplate\":\"https:\\\/\\\/laballade.de\\\/wordpress\\\/?s={search_term_string}\"},\"query-input\":{\"@type\":\"PropertyValueSpecification\",\"valueRequired\":true,\"valueName\":\"search_term_string\"}}],\"inLanguage\":\"de\"},{\"@type\":[\"Person\",\"Organization\"],\"@id\":\"https:\\\/\\\/laballade.de\\\/wordpress\\\/#\\\/schema\\\/person\\\/6fadccd64c10acbfe6c9d563789d29a1\",\"name\":\"Susanne\",\"logo\":{\"@id\":\"https:\\\/\\\/laballade.de\\\/wordpress\\\/#\\\/schema\\\/person\\\/image\\\/\"},\"sameAs\":[\"https:\\\/\\\/www.laballade.de\"]}]}<\/script>\n<!-- \/ Yoast SEO plugin. -->","yoast_head_json":{"title":"Apfeleis zum Muttertag - La Ballade","description":"Heute gibt es nach l\u00e4ngerer Abstinenz mal wieder ein Rezept: Apfeleis zum Muttertag, geeignet zum Aufbrauchen von Lagerbest\u00e4nden","robots":{"index":"index","follow":"follow","max-snippet":"max-snippet:-1","max-image-preview":"max-image-preview:large","max-video-preview":"max-video-preview:-1"},"canonical":"https:\/\/laballade.de\/wordpress\/apfeleis-zum-muttertag\/","og_locale":"de_DE","og_type":"article","og_title":"Apfeleis zum Muttertag - La Ballade","og_description":"Heute gibt es nach l\u00e4ngerer Abstinenz mal wieder ein Rezept: Apfeleis zum Muttertag, geeignet zum Aufbrauchen von Lagerbest\u00e4nden","og_url":"https:\/\/laballade.de\/wordpress\/apfeleis-zum-muttertag\/","og_site_name":"La Ballade","article_published_time":"2021-05-09T09:09:30+00:00","og_image":[{"url":"https:\/\/laballade.de\/wordpress\/wp-content\/uploads\/2021\/05\/apples-5543778_1920-300x212.jpg","type":"","width":"","height":""}],"author":"Susanne","twitter_card":"summary_large_image","twitter_misc":{"Verfasst von":"Susanne","Gesch\u00e4tzte Lesezeit":"1\u00a0Minute"},"schema":{"@context":"https:\/\/schema.org","@graph":[{"@type":"Article","@id":"https:\/\/laballade.de\/wordpress\/apfeleis-zum-muttertag\/#article","isPartOf":{"@id":"https:\/\/laballade.de\/wordpress\/apfeleis-zum-muttertag\/"},"author":{"name":"Susanne","@id":"https:\/\/laballade.de\/wordpress\/#\/schema\/person\/6fadccd64c10acbfe6c9d563789d29a1"},"headline":"Apfeleis zum Muttertag","datePublished":"2021-05-09T09:09:30+00:00","mainEntityOfPage":{"@id":"https:\/\/laballade.de\/wordpress\/apfeleis-zum-muttertag\/"},"wordCount":131,"commentCount":0,"publisher":{"@id":"https:\/\/laballade.de\/wordpress\/#\/schema\/person\/6fadccd64c10acbfe6c9d563789d29a1"},"image":{"@id":"https:\/\/laballade.de\/wordpress\/apfeleis-zum-muttertag\/#primaryimage"},"thumbnailUrl":"https:\/\/laballade.de\/wordpress\/wp-content\/uploads\/2021\/05\/apples-5543778_1920-300x212.jpg","keywords":["\u00c4pfel","Bio-Zutaten","Eis","N\u00fcsse","Regionales","Rezepte"],"articleSection":["Echtes Essen"],"inLanguage":"de","potentialAction":[{"@type":"CommentAction","name":"Comment","target":["https:\/\/laballade.de\/wordpress\/apfeleis-zum-muttertag\/#respond"]}]},{"@type":"WebPage","@id":"https:\/\/laballade.de\/wordpress\/apfeleis-zum-muttertag\/","url":"https:\/\/laballade.de\/wordpress\/apfeleis-zum-muttertag\/","name":"Apfeleis zum Muttertag - La Ballade","isPartOf":{"@id":"https:\/\/laballade.de\/wordpress\/#website"},"primaryImageOfPage":{"@id":"https:\/\/laballade.de\/wordpress\/apfeleis-zum-muttertag\/#primaryimage"},"image":{"@id":"https:\/\/laballade.de\/wordpress\/apfeleis-zum-muttertag\/#primaryimage"},"thumbnailUrl":"https:\/\/laballade.de\/wordpress\/wp-content\/uploads\/2021\/05\/apples-5543778_1920-300x212.jpg","datePublished":"2021-05-09T09:09:30+00:00","description":"Heute gibt es nach l\u00e4ngerer Abstinenz mal wieder ein Rezept: Apfeleis zum Muttertag, geeignet zum Aufbrauchen von Lagerbest\u00e4nden","breadcrumb":{"@id":"https:\/\/laballade.de\/wordpress\/apfeleis-zum-muttertag\/#breadcrumb"},"inLanguage":"de","potentialAction":[{"@type":"ReadAction","target":["https:\/\/laballade.de\/wordpress\/apfeleis-zum-muttertag\/"]}]},{"@type":"ImageObject","inLanguage":"de","@id":"https:\/\/laballade.de\/wordpress\/apfeleis-zum-muttertag\/#primaryimage","url":"https:\/\/laballade.de\/wordpress\/wp-content\/uploads\/2021\/05\/apples-5543778_1920.jpg","contentUrl":"https:\/\/laballade.de\/wordpress\/wp-content\/uploads\/2021\/05\/apples-5543778_1920.jpg","width":1920,"height":1355,"caption":"Apfeleis zum Muttertag"},{"@type":"BreadcrumbList","@id":"https:\/\/laballade.de\/wordpress\/apfeleis-zum-muttertag\/#breadcrumb","itemListElement":[{"@type":"ListItem","position":1,"name":"Startseite","item":"https:\/\/laballade.de\/wordpress\/"},{"@type":"ListItem","position":2,"name":"Apfeleis zum Muttertag"}]},{"@type":"WebSite","@id":"https:\/\/laballade.de\/wordpress\/#website","url":"https:\/\/laballade.de\/wordpress\/","name":"La Ballade","description":"Geschichten und Musik","publisher":{"@id":"https:\/\/laballade.de\/wordpress\/#\/schema\/person\/6fadccd64c10acbfe6c9d563789d29a1"},"potentialAction":[{"@type":"SearchAction","target":{"@type":"EntryPoint","urlTemplate":"https:\/\/laballade.de\/wordpress\/?s={search_term_string}"},"query-input":{"@type":"PropertyValueSpecification","valueRequired":true,"valueName":"search_term_string"}}],"inLanguage":"de"},{"@type":["Person","Organization"],"@id":"https:\/\/laballade.de\/wordpress\/#\/schema\/person\/6fadccd64c10acbfe6c9d563789d29a1","name":"Susanne","logo":{"@id":"https:\/\/laballade.de\/wordpress\/#\/schema\/person\/image\/"},"sameAs":["https:\/\/www.laballade.de"]}]}},"_links":{"self":[{"href":"https:\/\/laballade.de\/wordpress\/wp-json\/wp\/v2\/posts\/4353","targetHints":{"allow":["GET"]}}],"collection":[{"href":"https:\/\/laballade.de\/wordpress\/wp-json\/wp\/v2\/posts"}],"about":[{"href":"https:\/\/laballade.de\/wordpress\/wp-json\/wp\/v2\/types\/post"}],"author":[{"embeddable":true,"href":"https:\/\/laballade.de\/wordpress\/wp-json\/wp\/v2\/users\/1"}],"replies":[{"embeddable":true,"href":"https:\/\/laballade.de\/wordpress\/wp-json\/wp\/v2\/comments?post=4353"}],"version-history":[{"count":5,"href":"https:\/\/laballade.de\/wordpress\/wp-json\/wp\/v2\/posts\/4353\/revisions"}],"predecessor-version":[{"id":4362,"href":"https:\/\/laballade.de\/wordpress\/wp-json\/wp\/v2\/posts\/4353\/revisions\/4362"}],"wp:attachment":[{"href":"https:\/\/laballade.de\/wordpress\/wp-json\/wp\/v2\/media?parent=4353"}],"wp:term":[{"taxonomy":"category","embeddable":true,"href":"https:\/\/laballade.de\/wordpress\/wp-json\/wp\/v2\/categories?post=4353"},{"taxonomy":"post_tag","embeddable":true,"href":"https:\/\/laballade.de\/wordpress\/wp-json\/wp\/v2\/tags?post=4353"}],"curies":[{"name":"wp","href":"https:\/\/api.w.org\/{rel}","templated":true}]}}