{"id":4075,"date":"2021-02-03T14:46:48","date_gmt":"2021-02-03T13:46:48","guid":{"rendered":"https:\/\/laballade.de\/wordpress\/?p=4075"},"modified":"2024-10-01T18:35:09","modified_gmt":"2024-10-01T16:35:09","slug":"mensuralnotation-workshop-nachlese","status":"publish","type":"post","link":"https:\/\/laballade.de\/wordpress\/mensuralnotation-workshop-nachlese\/","title":{"rendered":"Mensuralnotation &#8211; Workshop-Nachlese"},"content":{"rendered":"<h4><img loading=\"lazy\" decoding=\"async\" class=\"size-medium wp-image-4121 alignleft\" src=\"https:\/\/laballade.de\/wordpress\/wp-content\/uploads\/2021\/02\/Psautier_huguenot_ps137_1539-207x300.jpg\" alt=\"Mensuralnotation - Workshop-Nachlese\" width=\"207\" height=\"300\" srcset=\"https:\/\/laballade.de\/wordpress\/wp-content\/uploads\/2021\/02\/Psautier_huguenot_ps137_1539-207x300.jpg 207w, https:\/\/laballade.de\/wordpress\/wp-content\/uploads\/2021\/02\/Psautier_huguenot_ps137_1539.jpg 561w\" sizes=\"auto, (max-width: 207px) 100vw, 207px\" \/><\/h4>\n<p>Dies ist die Nachlese zu einem Workshop mit dem Thema \u201eWei\u00dfe Mensuralnotation\u201c, organisiert von der <a href=\"https:\/\/www.capella-de-la-torre.de\/\">Capella della Torre<\/a>. Musikkurse im echten Leben sind derzeit eher Mangelware, auch dieser hat online stattgefunden.<\/p>\n<p>F\u00fcr das ziemlich theorielastige Thema hat dieses Format gut gepasst. Schade ist es nat\u00fcrlich, dass die anderen Mitspielenden und ihre Instrumente \u00fcber weite Strecken nicht zu h\u00f6ren waren. Um &#8222;richtig&#8220; zusammen zu spielen, w\u00e4re wohl mehr technischer Aufwand n\u00f6tig gewesen, als sich f\u00fcr einen Samstagnachmittag lohnen w\u00fcrde.<\/p>\n<p>Ebenso schade ist es, die anderen Teilnehmer:innen, wenn, dann nur als kleine Kacheln auf dem Bildschirm zu sehen. In den Pausen miteinander quatschen f\u00fchrt eher zum Kennenlernen. Andererseits waren Leute aus sehr verschiedenen Ecken dabei, von denen einige vielleicht nicht unbedingt live angereist w\u00e4ren. Also wenn schon Zoom-Konferenz, dann am liebsten eine mit Musik.<\/p>\n<p>Es war nicht ganz das erste Mal, dass ich mit Noten in diesem Format zu tun hatte. Allerdings liegen immer ziemlich lange Pausen zwischen den einzelnen Begegnungen, und ich vergesse in der Zeit mehr, als ich im letzten Kurs gelernt habe. Deshalb klebe ich jetzt eine kleine Ged\u00e4chtnisst\u00fctze hier hin.<\/p>\n<h4>Notenschl\u00fcssel<\/h4>\n<p>Das erste, was einem auf der Notenzeile begegnet, ist der Schl\u00fcssel. Davon gibt es einige ansprechende Formen zur Auswahl.<\/p>\n<p><img loading=\"lazy\" decoding=\"async\" class=\" wp-image-4078 alignleft\" src=\"https:\/\/laballade.de\/wordpress\/wp-content\/uploads\/2021\/02\/Bassschluessel-Kopie.jpg\" alt=\"\" width=\"62\" height=\"94\" \/><\/p>\n<p>Dies ist ein dekoratives, aber harmloses Exemplar, der weithin bekannte <em>Bassschl\u00fcssel<\/em>. Auf der zweiten Notenlinie von oben sitzt wie gewohnt ein f.<\/p>\n<p><img loading=\"lazy\" decoding=\"async\" class=\"wp-image-4077 alignright\" src=\"https:\/\/laballade.de\/wordpress\/wp-content\/uploads\/2021\/02\/a-Kopie.jpg\" alt=\"\" width=\"77\" height=\"96\" \/><\/p>\n<p>Hier folgt der Tenorschl\u00fcssel. Er markiert die zweite Linie von oben als c. (\u00dcblicherweise werden die Notenlinien allerdings von unten gez\u00e4hlt und der <em>c-Schl\u00fcssel<\/em> auf der vierten Linie als <em>c4<\/em> abgek\u00fcrzt.) Die abgebildete Note ist jedenfalls ein a.<\/p>\n<p>In einer handels\u00fcblichen Partitur w\u00fcrde die Tenorstimme in der Notenzeile \u00fcber der Bassstimme stehen. In den Chorb\u00fcchern der Renaissance taucht sie auf der gegen\u00fcberliegenden Seite unter der Cantusstimme auf.<\/p>\n<p><img loading=\"lazy\" decoding=\"async\" class=\"wp-image-4081 alignleft\" src=\"https:\/\/laballade.de\/wordpress\/wp-content\/uploads\/2021\/02\/d-Kopie.jpg\" alt=\"\" width=\"60\" height=\"72\" \/><\/p>\n<p>Die n\u00e4chsth\u00f6here Stimme ist der Altus. Er erscheint oberhalb der Bassstimme und wird dargestellt mit einem weiteren c-Schl\u00fcssel, der diesmal auf der dritten Notenlinie sitzt (also <em>c3<\/em>). Die abgebildete Note ist demnach ein d.<\/p>\n<p><img loading=\"lazy\" decoding=\"async\" class=\"wp-image-4083 alignright\" src=\"https:\/\/laballade.de\/wordpress\/wp-content\/uploads\/2021\/02\/g-Kopie.jpg\" alt=\"\" width=\"73\" height=\"102\" \/>Jetzt fehlt noch die h\u00f6chste Stimme, der Cantus, heutzutage eher als Sopran bekannt. Sie hat ebenfalls einen c-Schl\u00fcssel, auf der ersten Notenlinie (<em>c1<\/em>). Auf dem Bildchen ist folglich ein g zu sehen.<\/p>\n<p><img loading=\"lazy\" decoding=\"async\" class=\"size-full wp-image-4084 alignleft\" src=\"https:\/\/laballade.de\/wordpress\/wp-content\/uploads\/2021\/02\/G-Schluessel-Kopie.jpg\" alt=\"\" width=\"84\" height=\"63\" \/><\/p>\n<p>Damit es nicht zu einfach wird, gibt es zur Darstellung der gleichen Tonlage auch noch einen <em>g-Schl\u00fcssel<\/em>. Der sitzt nicht, wie man es heute f\u00fcr Sopranstimmen gew\u00f6hnt ist, auf der zweiten Notenlinie, sondern auf der dritten (also <em>g3<\/em>). Die abgebildete Note ist also ein d.<\/p>\n<p><img loading=\"lazy\" decoding=\"async\" class=\" wp-image-4082 alignright\" src=\"https:\/\/laballade.de\/wordpress\/wp-content\/uploads\/2021\/02\/fis-Kopie.jpg\" alt=\"\" width=\"44\" height=\"65\" \/>Um die Tonh\u00f6he genauer anzugeben, werden mitunter auch Vorzeichen gebraucht. Das b sieht genauso aus wie heute noch \u00fcblich, steht oft schon am Beginn der Notenzeile und hilft bei der Orientierung. <em>Kreuze<\/em> dagegen sehen schr\u00e4ger aus als gewohnt:<\/p>\n<p><img loading=\"lazy\" decoding=\"async\" class=\"wp-image-4080 alignleft\" src=\"https:\/\/laballade.de\/wordpress\/wp-content\/uploads\/2021\/02\/Custos-Kopie.jpg\" alt=\"\" width=\"36\" height=\"40\" \/>Am Ende einer Notenzeile findet sich in der Regel eine weiteres hilfreiches Zeichen, das heute nicht mehr \u00fcblich ist, der <em>Custos<\/em>. Er zeigt an, auf welcher Tonh\u00f6he es in der n\u00e4chsten Zeile weitergeht.<\/p>\n<h4>Takt<\/h4>\n<p><img loading=\"lazy\" decoding=\"async\" class=\"size-full wp-image-4100 alignleft\" src=\"https:\/\/laballade.de\/wordpress\/wp-content\/uploads\/2021\/02\/Tempus-imperfectum.jpg\" alt=\"\" width=\"50\" height=\"114\" \/> <img loading=\"lazy\" decoding=\"async\" class=\"size-medium wp-image-4101 alignright\" src=\"https:\/\/laballade.de\/wordpress\/wp-content\/uploads\/2021\/02\/Tempus-perfectum.jpg\" alt=\"\" width=\"26\" height=\"50\" \/><\/p>\n<p>Nach dem Notenschl\u00fcssel steht erfahrungsgem\u00e4\u00df das Taktzeichen. Die linke Variante sieht einigerma\u00dfen bekannt aus, nach &#8222;Alla breve&#8220;. Es nennt sich <em>Tempus imperfectum<\/em> und zeigt an, dass der ganze Takt in zwei Schl\u00e4ge unterteilt wird und diese beiden wieder in zwei Schl\u00e4ge.<\/p>\n<p>Der vollst\u00e4ndige Kringel auf dem Bild rechts hei\u00dft entsprechend <em>Tempus perfectum<\/em> und wird in drei Schl\u00e4ge unterteilt.<\/p>\n<h4><\/h4>\n<h4>Notenwerte<\/h4>\n<p><img loading=\"lazy\" decoding=\"async\" class=\"wp-image-4104 alignleft\" src=\"https:\/\/laballade.de\/wordpress\/wp-content\/uploads\/2021\/02\/Brevis.jpg\" alt=\"\" width=\"34\" height=\"70\" \/><img loading=\"lazy\" decoding=\"async\" class=\" wp-image-4088 alignright\" src=\"https:\/\/laballade.de\/wordpress\/wp-content\/uploads\/2021\/02\/Pausen-Longa-Brevis-Kopie.jpg\" alt=\"\" width=\"43\" height=\"73\" \/>Damit landen wir bei den Notenwerten. Die \u00dcbertragungen von Renaissance-St\u00fccken in moderne Notenschrift sehen oft sehr entspannt aus, mit vielen ganzen und halben Noten, daf\u00fcr praktisch ohne Balken. Die ganze Note (<em>Brevis<\/em>) steht f\u00fcr einen Takt, also zwei oder drei Schl\u00e4ge, siehe oben. Das abgebildete Modell ist aus einer Cantus-Stimme im c3-Schl\u00fcssel geklaut, es handelt sich also um ein e. Passend dazu gibt es auch eine Pause: ein Zwischenraum durchgezogen, auf der Abbildung der linke Strich.<\/p>\n<p><img loading=\"lazy\" decoding=\"async\" class=\" wp-image-4116 alignleft\" src=\"https:\/\/laballade.de\/wordpress\/wp-content\/uploads\/2021\/02\/Longa.jpg\" alt=\"\" width=\"38\" height=\"71\" \/><img loading=\"lazy\" decoding=\"async\" class=\" wp-image-4086 alignright\" src=\"https:\/\/laballade.de\/wordpress\/wp-content\/uploads\/2021\/02\/Longa-Pause-Kopie.jpg\" alt=\"\" width=\"23\" height=\"51\" \/>In der modernen Notation ist die ganze Note oft die l\u00e4ngste, die \u00fcberhaupt in einem St\u00fcck auftaucht. Warum nennt sie sich hier ausgerechnet &#8222;Brevis&#8220;, also kurz? Weil es noch eine <em>Longa<\/em> gibt, die zwei Takte darstellt. Sie bekommt einen Hals an der rechten Seite. Die Pause dazu zieht sich \u00fcber zwei Zwischenr\u00e4ume. Hier rechts sind also zweimal zwei\u00a0 Takte Pause zu sehen.<\/p>\n<p><img loading=\"lazy\" decoding=\"async\" class=\" wp-image-4077 alignleft\" src=\"https:\/\/laballade.de\/wordpress\/wp-content\/uploads\/2021\/02\/a-Kopie.jpg\" alt=\"\" width=\"59\" height=\"74\" \/>Das Pausen-Bildchen zur Brevis enth\u00e4lt zus\u00e4tzlich die n\u00e4chstkleinere Einheit, die <em>Semibrevis<\/em> (der Mini-Strich rechts). Sie wird als ein Schlag gez\u00e4hlt. Die Note dazu ist links zu sehen (ebenfalls c3-Schl\u00fcssel, also ein a, wie weiter oben schon angemerkt).<\/p>\n<p>Die Semibrevis und ihre Pause sind ein Anlass, die Lesebrille zu polieren und genau hinzuschauen. Es gibt n\u00e4mlich auch punktierte Semibreven. Das sieht dann so aus:<\/p>\n<p><img loading=\"lazy\" decoding=\"async\" class=\"wp-image-4089 alignleft\" src=\"https:\/\/laballade.de\/wordpress\/wp-content\/uploads\/2021\/02\/Punktierte-Semibrevis-Kopie.jpg\" alt=\"\" width=\"24\" height=\"40\" \/><\/p>\n<p>&#8211; nicht zu verwechseln mit\u00a0 <img loading=\"lazy\" decoding=\"async\" class=\"alignnone wp-image-4113\" src=\"https:\/\/laballade.de\/wordpress\/wp-content\/uploads\/2021\/02\/Semibrevis-Pause-2.jpg\" alt=\"\" width=\"35\" height=\"47\" \/>\u00a0 oder\u00a0 <img loading=\"lazy\" decoding=\"async\" class=\"alignnone wp-image-4091\" src=\"https:\/\/laballade.de\/wordpress\/wp-content\/uploads\/2021\/02\/Semibrevis-Pause-Kopie.jpg\" alt=\"\" width=\"33\" height=\"41\" \/><\/p>\n<p>Zum Schluss fehlen noch zwei wichtige Notenwerte, die <em>Minima<\/em> (links) und die <em>Semiminima<\/em> (rechts). Wie man sieht, haben sie bereits die Angewohnheit, die H\u00e4lse je nach Lage nach unten bzw oben zu strecken:<\/p>\n<p><img loading=\"lazy\" decoding=\"async\" class=\"alignnone wp-image-4083\" src=\"https:\/\/laballade.de\/wordpress\/wp-content\/uploads\/2021\/02\/g-Kopie.jpg\" alt=\"\" width=\"78\" height=\"110\" \/> \u00a0 <img loading=\"lazy\" decoding=\"async\" class=\"alignnone wp-image-4081\" src=\"https:\/\/laballade.de\/wordpress\/wp-content\/uploads\/2021\/02\/d-Kopie.jpg\" alt=\"\" width=\"82\" height=\"99\" \/>\u00a0 &lt; Minima \u00a0 Semiminima&gt;\u00a0\u00a0 <img loading=\"lazy\" decoding=\"async\" class=\"alignnone wp-image-4087\" src=\"https:\/\/laballade.de\/wordpress\/wp-content\/uploads\/2021\/02\/minima-Kopie.jpg\" alt=\"\" width=\"81\" height=\"92\" \/><\/p>\n<p>So, hier steht alles sch\u00f6n auf einer Reihe. Ich hoffe, ein bisschen bleibt auch im Ged\u00e4chtnis und l\u00e4sst sich herauskramen, wenn es wieder gebraucht wird.<\/p>\n<p>&nbsp;<\/p>\n","protected":false},"excerpt":{"rendered":"<p>Dies ist die Nachlese zu einem Workshop mit dem Thema \u201eWei\u00dfe Mensuralnotation\u201c, organisiert von der Capella della Torre. Musikkurse im echten Leben sind derzeit eher Mangelware, auch dieser hat online stattgefunden. F\u00fcr das ziemlich theorielastige Thema hat dieses Format gut gepasst. Schade ist es nat\u00fcrlich, dass die anderen Mitspielenden und ihre Instrumente \u00fcber weite Strecken [&hellip;]<\/p>\n","protected":false},"author":1,"featured_media":0,"comment_status":"open","ping_status":"open","sticky":false,"template":"","format":"standard","meta":{"footnotes":""},"categories":[20],"tags":[99,21,33,47],"class_list":["post-4075","post","type-post","status-publish","format-standard","hentry","category-musik","tag-historisches","tag-kurse","tag-lieder","tag-renaissance"],"yoast_head":"<!-- This site is optimized with the Yoast SEO plugin v27.4 - https:\/\/yoast.com\/product\/yoast-seo-wordpress\/ -->\n<title>Mensuralnotation - Workshop-Nachlese - La Ballade<\/title>\n<meta name=\"description\" content=\"Workshop-Nachlese zum Thema Mensuralnotation, um nicht wieder alles zu vergessen, bis es das n\u00e4chste Mal gebraucht wird.\" \/>\n<meta name=\"robots\" content=\"index, follow, max-snippet:-1, max-image-preview:large, max-video-preview:-1\" \/>\n<link rel=\"canonical\" href=\"https:\/\/laballade.de\/wordpress\/mensuralnotation-workshop-nachlese\/\" \/>\n<meta property=\"og:locale\" content=\"de_DE\" \/>\n<meta property=\"og:type\" content=\"article\" \/>\n<meta property=\"og:title\" content=\"Mensuralnotation - Workshop-Nachlese - La Ballade\" \/>\n<meta property=\"og:description\" content=\"Workshop-Nachlese zum Thema Mensuralnotation, um nicht wieder alles zu vergessen, bis es das n\u00e4chste Mal gebraucht wird.\" \/>\n<meta property=\"og:url\" content=\"https:\/\/laballade.de\/wordpress\/mensuralnotation-workshop-nachlese\/\" \/>\n<meta property=\"og:site_name\" content=\"La Ballade\" \/>\n<meta property=\"article:published_time\" content=\"2021-02-03T13:46:48+00:00\" \/>\n<meta property=\"article:modified_time\" content=\"2024-10-01T16:35:09+00:00\" \/>\n<meta property=\"og:image\" content=\"https:\/\/laballade.de\/wordpress\/wp-content\/uploads\/2021\/02\/Psautier_huguenot_ps137_1539-207x300.jpg\" \/>\n<meta name=\"author\" content=\"Susanne\" \/>\n<meta name=\"twitter:card\" content=\"summary_large_image\" \/>\n<meta name=\"twitter:label1\" content=\"Verfasst von\" \/>\n\t<meta name=\"twitter:data1\" content=\"Susanne\" \/>\n\t<meta name=\"twitter:label2\" content=\"Gesch\u00e4tzte Lesezeit\" \/>\n\t<meta name=\"twitter:data2\" content=\"8\u00a0Minuten\" \/>\n<script type=\"application\/ld+json\" class=\"yoast-schema-graph\">{\"@context\":\"https:\\\/\\\/schema.org\",\"@graph\":[{\"@type\":\"Article\",\"@id\":\"https:\\\/\\\/laballade.de\\\/wordpress\\\/mensuralnotation-workshop-nachlese\\\/#article\",\"isPartOf\":{\"@id\":\"https:\\\/\\\/laballade.de\\\/wordpress\\\/mensuralnotation-workshop-nachlese\\\/\"},\"author\":{\"name\":\"Susanne\",\"@id\":\"https:\\\/\\\/laballade.de\\\/wordpress\\\/#\\\/schema\\\/person\\\/6fadccd64c10acbfe6c9d563789d29a1\"},\"headline\":\"Mensuralnotation &#8211; Workshop-Nachlese\",\"datePublished\":\"2021-02-03T13:46:48+00:00\",\"dateModified\":\"2024-10-01T16:35:09+00:00\",\"mainEntityOfPage\":{\"@id\":\"https:\\\/\\\/laballade.de\\\/wordpress\\\/mensuralnotation-workshop-nachlese\\\/\"},\"wordCount\":869,\"commentCount\":0,\"publisher\":{\"@id\":\"https:\\\/\\\/laballade.de\\\/wordpress\\\/#\\\/schema\\\/person\\\/6fadccd64c10acbfe6c9d563789d29a1\"},\"image\":{\"@id\":\"https:\\\/\\\/laballade.de\\\/wordpress\\\/mensuralnotation-workshop-nachlese\\\/#primaryimage\"},\"thumbnailUrl\":\"https:\\\/\\\/laballade.de\\\/wordpress\\\/wp-content\\\/uploads\\\/2021\\\/02\\\/Psautier_huguenot_ps137_1539-207x300.jpg\",\"keywords\":[\"Historisches\",\"Kurse\",\"Lieder\",\"Renaissance\"],\"articleSection\":[\"Musik\"],\"inLanguage\":\"de\",\"potentialAction\":[{\"@type\":\"CommentAction\",\"name\":\"Comment\",\"target\":[\"https:\\\/\\\/laballade.de\\\/wordpress\\\/mensuralnotation-workshop-nachlese\\\/#respond\"]}]},{\"@type\":\"WebPage\",\"@id\":\"https:\\\/\\\/laballade.de\\\/wordpress\\\/mensuralnotation-workshop-nachlese\\\/\",\"url\":\"https:\\\/\\\/laballade.de\\\/wordpress\\\/mensuralnotation-workshop-nachlese\\\/\",\"name\":\"Mensuralnotation - Workshop-Nachlese - La Ballade\",\"isPartOf\":{\"@id\":\"https:\\\/\\\/laballade.de\\\/wordpress\\\/#website\"},\"primaryImageOfPage\":{\"@id\":\"https:\\\/\\\/laballade.de\\\/wordpress\\\/mensuralnotation-workshop-nachlese\\\/#primaryimage\"},\"image\":{\"@id\":\"https:\\\/\\\/laballade.de\\\/wordpress\\\/mensuralnotation-workshop-nachlese\\\/#primaryimage\"},\"thumbnailUrl\":\"https:\\\/\\\/laballade.de\\\/wordpress\\\/wp-content\\\/uploads\\\/2021\\\/02\\\/Psautier_huguenot_ps137_1539-207x300.jpg\",\"datePublished\":\"2021-02-03T13:46:48+00:00\",\"dateModified\":\"2024-10-01T16:35:09+00:00\",\"description\":\"Workshop-Nachlese zum Thema Mensuralnotation, um nicht wieder alles zu vergessen, bis es das n\u00e4chste Mal gebraucht wird.\",\"breadcrumb\":{\"@id\":\"https:\\\/\\\/laballade.de\\\/wordpress\\\/mensuralnotation-workshop-nachlese\\\/#breadcrumb\"},\"inLanguage\":\"de\",\"potentialAction\":[{\"@type\":\"ReadAction\",\"target\":[\"https:\\\/\\\/laballade.de\\\/wordpress\\\/mensuralnotation-workshop-nachlese\\\/\"]}]},{\"@type\":\"ImageObject\",\"inLanguage\":\"de\",\"@id\":\"https:\\\/\\\/laballade.de\\\/wordpress\\\/mensuralnotation-workshop-nachlese\\\/#primaryimage\",\"url\":\"https:\\\/\\\/laballade.de\\\/wordpress\\\/wp-content\\\/uploads\\\/2021\\\/02\\\/Psautier_huguenot_ps137_1539.jpg\",\"contentUrl\":\"https:\\\/\\\/laballade.de\\\/wordpress\\\/wp-content\\\/uploads\\\/2021\\\/02\\\/Psautier_huguenot_ps137_1539.jpg\",\"width\":561,\"height\":813,\"caption\":\"Mensuralnotation - Workshop-Nachlese\"},{\"@type\":\"BreadcrumbList\",\"@id\":\"https:\\\/\\\/laballade.de\\\/wordpress\\\/mensuralnotation-workshop-nachlese\\\/#breadcrumb\",\"itemListElement\":[{\"@type\":\"ListItem\",\"position\":1,\"name\":\"Startseite\",\"item\":\"https:\\\/\\\/laballade.de\\\/wordpress\\\/\"},{\"@type\":\"ListItem\",\"position\":2,\"name\":\"Mensuralnotation &#8211; Workshop-Nachlese\"}]},{\"@type\":\"WebSite\",\"@id\":\"https:\\\/\\\/laballade.de\\\/wordpress\\\/#website\",\"url\":\"https:\\\/\\\/laballade.de\\\/wordpress\\\/\",\"name\":\"La Ballade\",\"description\":\"Geschichten und Musik\",\"publisher\":{\"@id\":\"https:\\\/\\\/laballade.de\\\/wordpress\\\/#\\\/schema\\\/person\\\/6fadccd64c10acbfe6c9d563789d29a1\"},\"potentialAction\":[{\"@type\":\"SearchAction\",\"target\":{\"@type\":\"EntryPoint\",\"urlTemplate\":\"https:\\\/\\\/laballade.de\\\/wordpress\\\/?s={search_term_string}\"},\"query-input\":{\"@type\":\"PropertyValueSpecification\",\"valueRequired\":true,\"valueName\":\"search_term_string\"}}],\"inLanguage\":\"de\"},{\"@type\":[\"Person\",\"Organization\"],\"@id\":\"https:\\\/\\\/laballade.de\\\/wordpress\\\/#\\\/schema\\\/person\\\/6fadccd64c10acbfe6c9d563789d29a1\",\"name\":\"Susanne\",\"logo\":{\"@id\":\"https:\\\/\\\/laballade.de\\\/wordpress\\\/#\\\/schema\\\/person\\\/image\\\/\"},\"sameAs\":[\"https:\\\/\\\/www.laballade.de\"]}]}<\/script>\n<!-- \/ Yoast SEO plugin. -->","yoast_head_json":{"title":"Mensuralnotation - Workshop-Nachlese - La Ballade","description":"Workshop-Nachlese zum Thema Mensuralnotation, um nicht wieder alles zu vergessen, bis es das n\u00e4chste Mal gebraucht wird.","robots":{"index":"index","follow":"follow","max-snippet":"max-snippet:-1","max-image-preview":"max-image-preview:large","max-video-preview":"max-video-preview:-1"},"canonical":"https:\/\/laballade.de\/wordpress\/mensuralnotation-workshop-nachlese\/","og_locale":"de_DE","og_type":"article","og_title":"Mensuralnotation - Workshop-Nachlese - La Ballade","og_description":"Workshop-Nachlese zum Thema Mensuralnotation, um nicht wieder alles zu vergessen, bis es das n\u00e4chste Mal gebraucht wird.","og_url":"https:\/\/laballade.de\/wordpress\/mensuralnotation-workshop-nachlese\/","og_site_name":"La Ballade","article_published_time":"2021-02-03T13:46:48+00:00","article_modified_time":"2024-10-01T16:35:09+00:00","og_image":[{"url":"https:\/\/laballade.de\/wordpress\/wp-content\/uploads\/2021\/02\/Psautier_huguenot_ps137_1539-207x300.jpg","type":"","width":"","height":""}],"author":"Susanne","twitter_card":"summary_large_image","twitter_misc":{"Verfasst von":"Susanne","Gesch\u00e4tzte Lesezeit":"8\u00a0Minuten"},"schema":{"@context":"https:\/\/schema.org","@graph":[{"@type":"Article","@id":"https:\/\/laballade.de\/wordpress\/mensuralnotation-workshop-nachlese\/#article","isPartOf":{"@id":"https:\/\/laballade.de\/wordpress\/mensuralnotation-workshop-nachlese\/"},"author":{"name":"Susanne","@id":"https:\/\/laballade.de\/wordpress\/#\/schema\/person\/6fadccd64c10acbfe6c9d563789d29a1"},"headline":"Mensuralnotation &#8211; Workshop-Nachlese","datePublished":"2021-02-03T13:46:48+00:00","dateModified":"2024-10-01T16:35:09+00:00","mainEntityOfPage":{"@id":"https:\/\/laballade.de\/wordpress\/mensuralnotation-workshop-nachlese\/"},"wordCount":869,"commentCount":0,"publisher":{"@id":"https:\/\/laballade.de\/wordpress\/#\/schema\/person\/6fadccd64c10acbfe6c9d563789d29a1"},"image":{"@id":"https:\/\/laballade.de\/wordpress\/mensuralnotation-workshop-nachlese\/#primaryimage"},"thumbnailUrl":"https:\/\/laballade.de\/wordpress\/wp-content\/uploads\/2021\/02\/Psautier_huguenot_ps137_1539-207x300.jpg","keywords":["Historisches","Kurse","Lieder","Renaissance"],"articleSection":["Musik"],"inLanguage":"de","potentialAction":[{"@type":"CommentAction","name":"Comment","target":["https:\/\/laballade.de\/wordpress\/mensuralnotation-workshop-nachlese\/#respond"]}]},{"@type":"WebPage","@id":"https:\/\/laballade.de\/wordpress\/mensuralnotation-workshop-nachlese\/","url":"https:\/\/laballade.de\/wordpress\/mensuralnotation-workshop-nachlese\/","name":"Mensuralnotation - Workshop-Nachlese - La Ballade","isPartOf":{"@id":"https:\/\/laballade.de\/wordpress\/#website"},"primaryImageOfPage":{"@id":"https:\/\/laballade.de\/wordpress\/mensuralnotation-workshop-nachlese\/#primaryimage"},"image":{"@id":"https:\/\/laballade.de\/wordpress\/mensuralnotation-workshop-nachlese\/#primaryimage"},"thumbnailUrl":"https:\/\/laballade.de\/wordpress\/wp-content\/uploads\/2021\/02\/Psautier_huguenot_ps137_1539-207x300.jpg","datePublished":"2021-02-03T13:46:48+00:00","dateModified":"2024-10-01T16:35:09+00:00","description":"Workshop-Nachlese zum Thema Mensuralnotation, um nicht wieder alles zu vergessen, bis es das n\u00e4chste Mal gebraucht wird.","breadcrumb":{"@id":"https:\/\/laballade.de\/wordpress\/mensuralnotation-workshop-nachlese\/#breadcrumb"},"inLanguage":"de","potentialAction":[{"@type":"ReadAction","target":["https:\/\/laballade.de\/wordpress\/mensuralnotation-workshop-nachlese\/"]}]},{"@type":"ImageObject","inLanguage":"de","@id":"https:\/\/laballade.de\/wordpress\/mensuralnotation-workshop-nachlese\/#primaryimage","url":"https:\/\/laballade.de\/wordpress\/wp-content\/uploads\/2021\/02\/Psautier_huguenot_ps137_1539.jpg","contentUrl":"https:\/\/laballade.de\/wordpress\/wp-content\/uploads\/2021\/02\/Psautier_huguenot_ps137_1539.jpg","width":561,"height":813,"caption":"Mensuralnotation - Workshop-Nachlese"},{"@type":"BreadcrumbList","@id":"https:\/\/laballade.de\/wordpress\/mensuralnotation-workshop-nachlese\/#breadcrumb","itemListElement":[{"@type":"ListItem","position":1,"name":"Startseite","item":"https:\/\/laballade.de\/wordpress\/"},{"@type":"ListItem","position":2,"name":"Mensuralnotation &#8211; Workshop-Nachlese"}]},{"@type":"WebSite","@id":"https:\/\/laballade.de\/wordpress\/#website","url":"https:\/\/laballade.de\/wordpress\/","name":"La Ballade","description":"Geschichten und Musik","publisher":{"@id":"https:\/\/laballade.de\/wordpress\/#\/schema\/person\/6fadccd64c10acbfe6c9d563789d29a1"},"potentialAction":[{"@type":"SearchAction","target":{"@type":"EntryPoint","urlTemplate":"https:\/\/laballade.de\/wordpress\/?s={search_term_string}"},"query-input":{"@type":"PropertyValueSpecification","valueRequired":true,"valueName":"search_term_string"}}],"inLanguage":"de"},{"@type":["Person","Organization"],"@id":"https:\/\/laballade.de\/wordpress\/#\/schema\/person\/6fadccd64c10acbfe6c9d563789d29a1","name":"Susanne","logo":{"@id":"https:\/\/laballade.de\/wordpress\/#\/schema\/person\/image\/"},"sameAs":["https:\/\/www.laballade.de"]}]}},"_links":{"self":[{"href":"https:\/\/laballade.de\/wordpress\/wp-json\/wp\/v2\/posts\/4075","targetHints":{"allow":["GET"]}}],"collection":[{"href":"https:\/\/laballade.de\/wordpress\/wp-json\/wp\/v2\/posts"}],"about":[{"href":"https:\/\/laballade.de\/wordpress\/wp-json\/wp\/v2\/types\/post"}],"author":[{"embeddable":true,"href":"https:\/\/laballade.de\/wordpress\/wp-json\/wp\/v2\/users\/1"}],"replies":[{"embeddable":true,"href":"https:\/\/laballade.de\/wordpress\/wp-json\/wp\/v2\/comments?post=4075"}],"version-history":[{"count":27,"href":"https:\/\/laballade.de\/wordpress\/wp-json\/wp\/v2\/posts\/4075\/revisions"}],"predecessor-version":[{"id":4126,"href":"https:\/\/laballade.de\/wordpress\/wp-json\/wp\/v2\/posts\/4075\/revisions\/4126"}],"wp:attachment":[{"href":"https:\/\/laballade.de\/wordpress\/wp-json\/wp\/v2\/media?parent=4075"}],"wp:term":[{"taxonomy":"category","embeddable":true,"href":"https:\/\/laballade.de\/wordpress\/wp-json\/wp\/v2\/categories?post=4075"},{"taxonomy":"post_tag","embeddable":true,"href":"https:\/\/laballade.de\/wordpress\/wp-json\/wp\/v2\/tags?post=4075"}],"curies":[{"name":"wp","href":"https:\/\/api.w.org\/{rel}","templated":true}]}}