{"id":3924,"date":"2020-12-25T10:46:33","date_gmt":"2020-12-25T09:46:33","guid":{"rendered":"https:\/\/laballade.de\/wordpress\/?p=3924"},"modified":"2022-01-06T19:51:33","modified_gmt":"2022-01-06T18:51:33","slug":"weihnachtsgeschichte-meister-perez-der-organist-3","status":"publish","type":"post","link":"https:\/\/laballade.de\/wordpress\/weihnachtsgeschichte-meister-perez-der-organist-3\/","title":{"rendered":"Weihnachtsgeschichte: Meister P\u00e9rez der Organist 3"},"content":{"rendered":"<p>Es folgt eine Weihnachtsgeschichte aus Spanien: \u201eMeister P\u00e9rez der Organist\u201c (Teil 3) von Gustavo Adolfo B\u00e9cquer (1836-1870), in meiner \u00dcbersetzung, leicht bearbeitet. Die ersten beiden Teile finden sich <a href=\"https:\/\/laballade.de\/wordpress\/weihnachtsgeschichte-meister-perez-der-organist-1\/\">hier<\/a> und <a href=\"https:\/\/laballade.de\/wordpress\/weihnachtsgeschichte-meister-perez-der-organist-2\/\">hier<\/a>.<\/p>\n<p><img loading=\"lazy\" decoding=\"async\" class=\"alignnone size-medium wp-image-3900 aligncenter\" src=\"https:\/\/laballade.de\/wordpress\/wp-content\/uploads\/2020\/12\/5309255149_76db146466_c-300x200.jpg\" alt=\"Weihnachtsgeschichte: Meister P\u00e9rez der Organist\" width=\"300\" height=\"200\" srcset=\"https:\/\/laballade.de\/wordpress\/wp-content\/uploads\/2020\/12\/5309255149_76db146466_c-300x200.jpg 300w, https:\/\/laballade.de\/wordpress\/wp-content\/uploads\/2020\/12\/5309255149_76db146466_c-768x512.jpg 768w, https:\/\/laballade.de\/wordpress\/wp-content\/uploads\/2020\/12\/5309255149_76db146466_c.jpg 799w\" sizes=\"auto, (max-width: 300px) 100vw, 300px\" \/><\/p>\n<p align=\"center\"><span style=\"font-family: serif;\">III<\/span><\/p>\n<p>\u201eGuten Abend, meine beste Do\u00f1a Baltasara. Geht Ihr auch zur Christmette? Ich f\u00fcr meinen Teil hatte ja vor, sie in der Pfarrkirche zu h\u00f6ren, aber wie es so kommt &#8230; Wo geht Vicente hin? Dorthin, wo alle hingehen. Und au\u00dferdem, wenn ich die Wahrheit sagen soll, seit Meister P\u00e9rez gestorben ist, liegt es mir jedes Mal wie ein Stein auf dem Herzen, wenn ich bei Santa In\u00e9s eintrete &#8230; Der \u00c4rmste! Er war ein Heiliger! &#8230; Ich kann von mir sagen, dass ich ein St\u00fcck von seinem Rock aufbewahre, wie eine Reliquie, das hat er verdient &#8230; und bei Gott und meiner Seele, wenn der Herr Erzbischof die Sache in die Hand nimmt, dann werden unsere Enkel ihn auf den Alt\u00e4ren sehen &#8230; Aber wie soll es dazu kommen? &#8230; Aus den Augen, aus dem Sinn, das gilt f\u00fcr die, die weggehen, und noch mehr f\u00fcr die Toten &#8230; Heutzutage lockt nur das Neue &#8230; Ihr versteht mich doch. Was! Ihr wisst gar nicht, was geschehen ist? Ja, in diesem Punkt sind wir uns \u00e4hnlich; aus dem Haus in die Kirche und aus der Kirche wieder nach Hause, ohne darauf zu achten, welcher Klatsch gerade die Runde macht &#8230; Nur in diesem Fall &#8230; da habe ich es aufgeschnappt &#8230; ein Wort hier, ein Wort da &#8230; ich wollte mich nicht n\u00e4her erkundigen, aber bei manchen Neuigkeiten bin ich doch auf dem Laufenden &#8230; Und in dem Fall war es so, dass der Organist von San Bartolom\u00e9, diese hagere Gestalt, der immer \u00fcber die anderen Organisten schimpft, dieser Taugenichts, der eher wie ein Schlachter von der Puerta de la Carne aussieht als wie ein Meister der Musik, also der spielt an diesem Heiligen Abend anstelle von Meister P\u00e9rez. Ihr wisst ja, das wei\u00df ja ganz Sevilla, dass niemand diese Aufgabe \u00fcbernehmen wollte. Nicht einmal seine Tochter, die Lehrerin ist und die nach dem Tod ihres Vaters als Novizin ins Kloster gegangen ist. Und das ist nur nat\u00fcrlich: Wir haben uns daran gew\u00f6hnt, diese Wunder zu h\u00f6ren, uns k\u00e4me alles andere sch\u00e4big vor, und deshalb wollten alle den Vergleich meiden. Aber als die Gemeinde schon beschlossen hatte, dass zu Ehren des Verstorbenen die Orgel in dieser Nacht still bleiben sollte, kam unser Mann angelaufen und sagte, er wollte es wagen zu spielen &#8230; Es wagt eben niemand mehr als der Ignorant &#8230; Dabei ist es nicht einmal so sehr seine Schuld, als die der Leute, die diesem Sakrileg zugestimmt haben &#8230; aber so ist der Lauf der Welt &#8230; und ich sage, wenn man sich anschaut, wer kommt &#8230; man k\u00f6nnte meinen, seit dem letzten Jahr h\u00e4tte sich gar nichts ver\u00e4ndert. Die gleichen Leute, der gleiche Luxus, das gleiche Gedr\u00e4nge an der T\u00fcr, der gleiche Tumult im Vorhof, die gleiche Menge in der Kirche &#8230; Ach, wenn der Verstorbene das sehen k\u00f6nnte! Er w\u00fcrde auf der Stelle noch einmal sterben, weil seine Orgel nicht von kundigen H\u00e4nden gespielt wird. Aber wenn mir die Leute aus diesem Viertel die Wahrheit gesagt haben, dann haben sie etwas f\u00fcr den Eindringling vorbereitet. Wenn es so weit ist und er die H\u00e4nde auf die Tasten legt, dann f\u00e4ngt eine Katzenmusik an mit Schellen, Tamburins und Rummelt\u00f6pfen, dass man sonst nichts mehr h\u00f6rt &#8230; aber still! Da betritt der Held der Vorstellung die Kirche. Jesus, was f\u00fcr ein farbenfroher Aufzug, was f\u00fcr ein M\u00fchlstein von Halskrause, was f\u00fcr ein Gehabe! Kommt, kommt, der Erzbischof ist schon eine Weile da, die Messe f\u00e4ngt gleich an &#8230; Kommt, ich habe das Gef\u00fchl, dass wir von dieser Messe noch lange erz\u00e4hlen werden.\u201c<\/p>\n<p>So sprach die gute Frau, deren Gespr\u00e4chigkeit uns bereits bestens bekannt ist, und betrat die Kirche Santa In\u00e9s. Wie gewohnt bahnte sie sich mit den Ellenbogen einen Weg durch die Menge. Die Zeremonie w\u00fcrde sogleich beginnen.<\/p>\n<h4 style=\"text-align: center;\">* * *<\/h4>\n<p>Das Gotteshaus war ebenso strahlend erleuchtet wie im Jahr zuvor.<\/p>\n<p>Der neue Organist durchquerte die Menge der Gl\u00e4ubigen im Kirchenschiff, um den Ring des Erzbischofs zu k\u00fcssen, und stieg zur Empore hinauf. Dort spielte er ein Register der Orgel nach dem anderen an, mit ebenso aufgesetzter wie l\u00e4cherlicher Wichtigkeit.<\/p>\n<p>Unter den Menschen, die zahlreich im Kirchenschiff versammelt waren, h\u00f6rte man ein dumpfes, wirres Murmeln, eine leise Vorahnung des Sturms, der sich bald erheben w\u00fcrde.<\/p>\n<p>\u201eEr ist ein Betr\u00fcger, er kann \u00fcberhaupt nichts, au\u00dfer vielleicht geradeaus schauen\u201c, sagten die einen.<\/p>\n<p>\u201eEr versteht sein Fach nicht. Er hat die Orgel seiner Gemeinde in ein Wrack verwandelt, und jetzt will er Meister P\u00e9rez\u2019 Instrument entweihen\u201c, sagten die anderen.<\/p>\n<p>Und w\u00e4hrend der eine den Umhang ablegte, um gleich umso fester das Tamburin schlagen zu k\u00f6nnen, und der andere die Schellen herausholte und alle sich darauf vorbereiteten, den gr\u00f6\u00dften L\u00e4rm zu machen, wagte es kaum einer, den seltsamen Menschen halbherzig zu verteidigen, der mit seinem stolzen Auftreten und seiner Pedanterie einen so deutlichen Gegensatz zur bescheidenen Erscheinung und herzlichen G\u00fcte des verstorbenen Meister P\u00e9rez bildete.<\/p>\n<p>Endlich kam der erwartete, feierliche Augenblick, in dem der Priester sich verneigte, heilige Worte murmelte und die Hostie in die H\u00e4nde nahm &#8230; Die Glocken l\u00e4uteten; ihr Klingen erinnerte an einen kristallklaren Regen von T\u00f6nen. Durchscheinende Wellen von Weihrauch stiegen auf. Die Orgel erklang.<\/p>\n<h4 style=\"text-align: center;\">* * *<\/h4>\n<p>L\u00e4rmend erhob sich die Katzenmusik, f\u00fcllte augenblicklich das Kirchenschiff und erstickte den ersten Akkord.<\/p>\n<p>Panfl\u00f6ten, Dudels\u00e4cke, Schellen, Tamburins, alle Instrumente der einfachen Leute erhoben zugleich ihre Stimmen; aber das Durcheinander und das Get\u00f6se dauerten nur Sekunden. So gleichzeitig, wie sie eingesetzt hatten, verstummten sie wieder.<\/p>\n<p>Der zweite Akkord, voll, schneidig, gro\u00dfartig, drang aus den Orgelpfeifen hervor wie ein unersch\u00f6pflicher Wasserfall von harmonischen Kl\u00e4ngen.<\/p>\n<p>Himmlische Kl\u00e4nge, wie sie in Momenten der Verz\u00fcckung den Ohren schmeicheln; Ges\u00e4nge, wie sie der Geist wahrnimmt und der Mund nicht wiederholen kann; einzelne T\u00f6ne einer fernen Melodie, die in Abst\u00e4nden erklingen, herbeigeweht vom Wind, das Murmeln der Bl\u00e4tter, die sich an den B\u00e4umen k\u00fcssen, ein Rauschen wie von Regen, das Trillern der Lerchen, die sich zwitschernd aus Bl\u00fcten erheben wie Pfeile, die zu den Wolken hinaufschie\u00dfen; Donner ohne Namen, beeindruckend wie das Brausen eines Sturms; der Chor der Seraphim ohne Rhythmus oder Kadenz, die unbekannte Musik des Himmels, die nur die Fantasie begreifen kann; gefl\u00fcgelte Hymnen, die sich zum Thron des Herrn erheben wie ein Wirbelsturm aus Licht und Klang &#8230; all das dr\u00fcckten die hundert Stimmen der Orgel aus, mit gr\u00f6\u00dferer Wucht, mit geheimnisvollerer Poesie, mit fantastischeren Farben, als man je geh\u00f6rt hatte.<\/p>\n<h4 style=\"text-align: center;\">* * *<\/h4>\n<p>Als der Organist von der Empore herabstieg, dr\u00e4ngte sich an der Treppe eine solche Menge, so voller Eifer, ihn zu sehen, dass der Stadtrichter nicht ohne Grund f\u00fcrchtete, man werde den Musikanten noch erdr\u00fccken, und die B\u00fcttel losschickte, ihm einen Weg zum Hauptaltar zu bahnen, wo der Erzbischof ihn erwartete.<\/p>\n<p>\u201eIhr wisst\u201c, sagte dieser, als man den Organisten vor ihn brachte, \u201edass ich nur deshalb aus meinem Palast hierher komme, um Euch spielen zu h\u00f6ren. Seid Ihr ebenso grausam wie Meister P\u00e9rez, der mir diesen Weg niemals ersparen und in der Heiligen Nacht zur Messe in der Kathedrale spielen wollte?\u201c<\/p>\n<p>\u201eIm n\u00e4chsten Jahr\u201c, erwiderte der Organist, \u201ewerde ich Euren Wunsch erf\u00fcllen, das verspreche ich. Denn f\u00fcr alles Gold der Welt werde ich diese Orgel nicht mehr spielen.\u201c<\/p>\n<p><a name=\"36\"><\/a>\u201eUnd warum nicht?\u201c, unterbrach ihn der Kirchenf\u00fcrst.<\/p>\n<p>\u201eWeil \u2026\u201c, fuhr der Organist fort und versuchte, das Gef\u00fchl zu unterdr\u00fccken, das in der Bl\u00e4sse seines Gesichts erkennbar wurde, \u201eweil sie alt und in schlechtem Zustand ist. Sie kann nicht alles ausdr\u00fccken, was man von ihr w\u00fcnscht.\u201c<\/p>\n<h4 style=\"text-align: center;\">* * *<\/h4>\n<p>Der Erzbischof entfernte sich mit seinem Gefolge. Eine nach der anderen zogen die S\u00e4nften der Herrschaften vorbei und verschwanden um die n\u00e4chsten Stra\u00dfenecken; die Gruppen im Innenhof l\u00f6sten sich auf, die Gl\u00e4ubigen gingen in verschiedene Richtungen davon; die Pf\u00f6rtnerin war schon im Begriff, das Tor zum Vorhof abzuschlie\u00dfen, als sie noch zwei Frauen erblickte, die sich bekreuzigten, vor dem Bild von San Felipe ein Gebet murmelten und sodann ihren Weg in die Callej\u00f3n de las Due\u00f1as fortsetzten.<\/p>\n<p>\u201eSagt, was Ihr wollt, Do\u00f1a Baltasara\u201c, sagte die eine, \u201eich komme nicht dar\u00fcber hinweg. So hat jedes sein Steckenpferd &#8230; Und wenn es mir die barf\u00fc\u00dfigen Kapuziner selbst versichern w\u00fcrden, k\u00f6nnte ich es doch nicht glauben &#8230; Dieser Mensch kann das nicht gespielt haben, was wir gerade geh\u00f6rt haben &#8230; Ich habe ihn tausendmal in seiner Gemeinde in San Bartolom\u00e9 geh\u00f6rt, und dort musste ihn der Herr Pfarrer vor die T\u00fcr setzen, weil er so schlecht war, dass sich die Leute lieber die Ohren mit Watte verstopften &#8230; Und man braucht ihm doch nur ins Gesicht zu sehen, das ist ja, wie man sagt, der Spiegel der Seele &#8230; Ich wei\u00df noch, der \u00c4rmste, als ich ihn gesehen habe, dachte ich an das Gesicht von Meister P\u00e9rez, wie er in einer anderen Nacht wie dieser von der Empore gekommen ist, nachdem er uns alle mit seinen Meisterwerken fasziniert hat &#8230; Dieses g\u00fctige L\u00e4cheln, diese lebhafte Farbe! &#8230; Er war alt und sah aus wie ein Engel &#8230; nicht wie dieser, der die Treppe heruntergestolpert kam, als ob ihn oben ein Hund vergebellt h\u00e4tte, und im Gesicht war er blass wie eine Leiche &#8230; Kommt, Do\u00f1a Baltasara, glaubt mir, glaubt mir nur &#8230; das geht nicht mit rechten Dingen zu &#8230;\u201c<\/p>\n<p>Bei diesen letzten Worten bogen die beiden Frauen in die Gasse ein und verschwanden.<\/p>\n<p>Es ist wohl unn\u00f6tig, darauf hinzuweisen, wer die eine von ihnen war.<\/p>\n<h4 style=\"text-align: center;\">* * *<\/h4>\n<p>Fortsetzung folgt.<\/p>\n<p>Bild: Ed Schipul via Flickr, <a href=\"https:\/\/creativecommons.org\/licenses\/by-sa\/2.0\/\">CC BY-SA 2.0<\/a><\/p>\n","protected":false},"excerpt":{"rendered":"<p>Es folgt eine Weihnachtsgeschichte aus Spanien: \u201eMeister P\u00e9rez der Organist\u201c (Teil 3) von Gustavo Adolfo B\u00e9cquer (1836-1870), in meiner \u00dcbersetzung, leicht bearbeitet. Die ersten beiden Teile finden sich hier und hier. III \u201eGuten Abend, meine beste Do\u00f1a Baltasara. Geht Ihr auch zur Christmette? Ich f\u00fcr meinen Teil hatte ja vor, sie in der Pfarrkirche zu [&hellip;]<\/p>\n","protected":false},"author":1,"featured_media":0,"comment_status":"open","ping_status":"open","sticky":false,"template":"","format":"standard","meta":{"footnotes":""},"categories":[8,91],"tags":[31,99,11,114,25],"class_list":["post-3924","post","type-post","status-publish","format-standard","hentry","category-geschichten","category-uebersetzen","tag-dudelsack","tag-historisches","tag-kurzgeschichten","tag-orgel","tag-spanisch"],"yoast_head":"<!-- This site is optimized with the Yoast SEO plugin v27.4 - https:\/\/yoast.com\/product\/yoast-seo-wordpress\/ -->\n<title>Weihnachtsgeschichte: Meister P\u00e9rez der Organist 3 - La Ballade<\/title>\n<meta name=\"description\" content=\"Weihnachtsgeschichte aus Spanien: Meister P\u00e9rez der Organist, Teil 3, mit Redeschwall und allerlei Instrumenten\" \/>\n<meta name=\"robots\" content=\"index, follow, max-snippet:-1, max-image-preview:large, max-video-preview:-1\" \/>\n<link rel=\"canonical\" href=\"https:\/\/laballade.de\/wordpress\/weihnachtsgeschichte-meister-perez-der-organist-3\/\" \/>\n<meta property=\"og:locale\" content=\"de_DE\" \/>\n<meta property=\"og:type\" content=\"article\" \/>\n<meta property=\"og:title\" content=\"Weihnachtsgeschichte: Meister P\u00e9rez der Organist 3 - La Ballade\" \/>\n<meta property=\"og:description\" content=\"Weihnachtsgeschichte aus Spanien: Meister P\u00e9rez der Organist, Teil 3, mit Redeschwall und allerlei Instrumenten\" \/>\n<meta property=\"og:url\" content=\"https:\/\/laballade.de\/wordpress\/weihnachtsgeschichte-meister-perez-der-organist-3\/\" \/>\n<meta property=\"og:site_name\" content=\"La Ballade\" \/>\n<meta property=\"article:published_time\" content=\"2020-12-25T09:46:33+00:00\" \/>\n<meta property=\"article:modified_time\" content=\"2022-01-06T18:51:33+00:00\" \/>\n<meta property=\"og:image\" content=\"https:\/\/laballade.de\/wordpress\/wp-content\/uploads\/2020\/12\/5309255149_76db146466_c-300x200.jpg\" \/>\n<meta name=\"author\" content=\"Susanne\" \/>\n<meta name=\"twitter:card\" content=\"summary_large_image\" \/>\n<meta name=\"twitter:label1\" content=\"Verfasst von\" \/>\n\t<meta name=\"twitter:data1\" content=\"Susanne\" \/>\n\t<meta name=\"twitter:label2\" content=\"Gesch\u00e4tzte Lesezeit\" \/>\n\t<meta name=\"twitter:data2\" content=\"8\u00a0Minuten\" \/>\n<script type=\"application\/ld+json\" class=\"yoast-schema-graph\">{\"@context\":\"https:\\\/\\\/schema.org\",\"@graph\":[{\"@type\":\"Article\",\"@id\":\"https:\\\/\\\/laballade.de\\\/wordpress\\\/weihnachtsgeschichte-meister-perez-der-organist-3\\\/#article\",\"isPartOf\":{\"@id\":\"https:\\\/\\\/laballade.de\\\/wordpress\\\/weihnachtsgeschichte-meister-perez-der-organist-3\\\/\"},\"author\":{\"name\":\"Susanne\",\"@id\":\"https:\\\/\\\/laballade.de\\\/wordpress\\\/#\\\/schema\\\/person\\\/6fadccd64c10acbfe6c9d563789d29a1\"},\"headline\":\"Weihnachtsgeschichte: Meister P\u00e9rez der Organist 3\",\"datePublished\":\"2020-12-25T09:46:33+00:00\",\"dateModified\":\"2022-01-06T18:51:33+00:00\",\"mainEntityOfPage\":{\"@id\":\"https:\\\/\\\/laballade.de\\\/wordpress\\\/weihnachtsgeschichte-meister-perez-der-organist-3\\\/\"},\"wordCount\":1666,\"commentCount\":0,\"publisher\":{\"@id\":\"https:\\\/\\\/laballade.de\\\/wordpress\\\/#\\\/schema\\\/person\\\/6fadccd64c10acbfe6c9d563789d29a1\"},\"image\":{\"@id\":\"https:\\\/\\\/laballade.de\\\/wordpress\\\/weihnachtsgeschichte-meister-perez-der-organist-3\\\/#primaryimage\"},\"thumbnailUrl\":\"https:\\\/\\\/laballade.de\\\/wordpress\\\/wp-content\\\/uploads\\\/2020\\\/12\\\/5309255149_76db146466_c-300x200.jpg\",\"keywords\":[\"Dudelsack\",\"Historisches\",\"Kurzgeschichten\",\"Orgel\",\"Spanisch\"],\"articleSection\":[\"Geschichten\",\"\u00dcbersetzen\"],\"inLanguage\":\"de\",\"potentialAction\":[{\"@type\":\"CommentAction\",\"name\":\"Comment\",\"target\":[\"https:\\\/\\\/laballade.de\\\/wordpress\\\/weihnachtsgeschichte-meister-perez-der-organist-3\\\/#respond\"]}]},{\"@type\":\"WebPage\",\"@id\":\"https:\\\/\\\/laballade.de\\\/wordpress\\\/weihnachtsgeschichte-meister-perez-der-organist-3\\\/\",\"url\":\"https:\\\/\\\/laballade.de\\\/wordpress\\\/weihnachtsgeschichte-meister-perez-der-organist-3\\\/\",\"name\":\"Weihnachtsgeschichte: Meister P\u00e9rez der Organist 3 - La Ballade\",\"isPartOf\":{\"@id\":\"https:\\\/\\\/laballade.de\\\/wordpress\\\/#website\"},\"primaryImageOfPage\":{\"@id\":\"https:\\\/\\\/laballade.de\\\/wordpress\\\/weihnachtsgeschichte-meister-perez-der-organist-3\\\/#primaryimage\"},\"image\":{\"@id\":\"https:\\\/\\\/laballade.de\\\/wordpress\\\/weihnachtsgeschichte-meister-perez-der-organist-3\\\/#primaryimage\"},\"thumbnailUrl\":\"https:\\\/\\\/laballade.de\\\/wordpress\\\/wp-content\\\/uploads\\\/2020\\\/12\\\/5309255149_76db146466_c-300x200.jpg\",\"datePublished\":\"2020-12-25T09:46:33+00:00\",\"dateModified\":\"2022-01-06T18:51:33+00:00\",\"description\":\"Weihnachtsgeschichte aus Spanien: Meister P\u00e9rez der Organist, Teil 3, mit Redeschwall und allerlei Instrumenten\",\"breadcrumb\":{\"@id\":\"https:\\\/\\\/laballade.de\\\/wordpress\\\/weihnachtsgeschichte-meister-perez-der-organist-3\\\/#breadcrumb\"},\"inLanguage\":\"de\",\"potentialAction\":[{\"@type\":\"ReadAction\",\"target\":[\"https:\\\/\\\/laballade.de\\\/wordpress\\\/weihnachtsgeschichte-meister-perez-der-organist-3\\\/\"]}]},{\"@type\":\"ImageObject\",\"inLanguage\":\"de\",\"@id\":\"https:\\\/\\\/laballade.de\\\/wordpress\\\/weihnachtsgeschichte-meister-perez-der-organist-3\\\/#primaryimage\",\"url\":\"https:\\\/\\\/laballade.de\\\/wordpress\\\/wp-content\\\/uploads\\\/2020\\\/12\\\/5309255149_76db146466_c.jpg\",\"contentUrl\":\"https:\\\/\\\/laballade.de\\\/wordpress\\\/wp-content\\\/uploads\\\/2020\\\/12\\\/5309255149_76db146466_c.jpg\",\"width\":799,\"height\":533,\"caption\":\"Weihnachtsgeschichte: Meister P\u00e9rez der Organist\"},{\"@type\":\"BreadcrumbList\",\"@id\":\"https:\\\/\\\/laballade.de\\\/wordpress\\\/weihnachtsgeschichte-meister-perez-der-organist-3\\\/#breadcrumb\",\"itemListElement\":[{\"@type\":\"ListItem\",\"position\":1,\"name\":\"Startseite\",\"item\":\"https:\\\/\\\/laballade.de\\\/wordpress\\\/\"},{\"@type\":\"ListItem\",\"position\":2,\"name\":\"Weihnachtsgeschichte: Meister P\u00e9rez der Organist 3\"}]},{\"@type\":\"WebSite\",\"@id\":\"https:\\\/\\\/laballade.de\\\/wordpress\\\/#website\",\"url\":\"https:\\\/\\\/laballade.de\\\/wordpress\\\/\",\"name\":\"La Ballade\",\"description\":\"Geschichten und Musik\",\"publisher\":{\"@id\":\"https:\\\/\\\/laballade.de\\\/wordpress\\\/#\\\/schema\\\/person\\\/6fadccd64c10acbfe6c9d563789d29a1\"},\"potentialAction\":[{\"@type\":\"SearchAction\",\"target\":{\"@type\":\"EntryPoint\",\"urlTemplate\":\"https:\\\/\\\/laballade.de\\\/wordpress\\\/?s={search_term_string}\"},\"query-input\":{\"@type\":\"PropertyValueSpecification\",\"valueRequired\":true,\"valueName\":\"search_term_string\"}}],\"inLanguage\":\"de\"},{\"@type\":[\"Person\",\"Organization\"],\"@id\":\"https:\\\/\\\/laballade.de\\\/wordpress\\\/#\\\/schema\\\/person\\\/6fadccd64c10acbfe6c9d563789d29a1\",\"name\":\"Susanne\",\"logo\":{\"@id\":\"https:\\\/\\\/laballade.de\\\/wordpress\\\/#\\\/schema\\\/person\\\/image\\\/\"},\"sameAs\":[\"https:\\\/\\\/www.laballade.de\"]}]}<\/script>\n<!-- \/ Yoast SEO plugin. -->","yoast_head_json":{"title":"Weihnachtsgeschichte: Meister P\u00e9rez der Organist 3 - La Ballade","description":"Weihnachtsgeschichte aus Spanien: Meister P\u00e9rez der Organist, Teil 3, mit Redeschwall und allerlei Instrumenten","robots":{"index":"index","follow":"follow","max-snippet":"max-snippet:-1","max-image-preview":"max-image-preview:large","max-video-preview":"max-video-preview:-1"},"canonical":"https:\/\/laballade.de\/wordpress\/weihnachtsgeschichte-meister-perez-der-organist-3\/","og_locale":"de_DE","og_type":"article","og_title":"Weihnachtsgeschichte: Meister P\u00e9rez der Organist 3 - La Ballade","og_description":"Weihnachtsgeschichte aus Spanien: Meister P\u00e9rez der Organist, Teil 3, mit Redeschwall und allerlei Instrumenten","og_url":"https:\/\/laballade.de\/wordpress\/weihnachtsgeschichte-meister-perez-der-organist-3\/","og_site_name":"La Ballade","article_published_time":"2020-12-25T09:46:33+00:00","article_modified_time":"2022-01-06T18:51:33+00:00","og_image":[{"url":"https:\/\/laballade.de\/wordpress\/wp-content\/uploads\/2020\/12\/5309255149_76db146466_c-300x200.jpg","type":"","width":"","height":""}],"author":"Susanne","twitter_card":"summary_large_image","twitter_misc":{"Verfasst von":"Susanne","Gesch\u00e4tzte Lesezeit":"8\u00a0Minuten"},"schema":{"@context":"https:\/\/schema.org","@graph":[{"@type":"Article","@id":"https:\/\/laballade.de\/wordpress\/weihnachtsgeschichte-meister-perez-der-organist-3\/#article","isPartOf":{"@id":"https:\/\/laballade.de\/wordpress\/weihnachtsgeschichte-meister-perez-der-organist-3\/"},"author":{"name":"Susanne","@id":"https:\/\/laballade.de\/wordpress\/#\/schema\/person\/6fadccd64c10acbfe6c9d563789d29a1"},"headline":"Weihnachtsgeschichte: Meister P\u00e9rez der Organist 3","datePublished":"2020-12-25T09:46:33+00:00","dateModified":"2022-01-06T18:51:33+00:00","mainEntityOfPage":{"@id":"https:\/\/laballade.de\/wordpress\/weihnachtsgeschichte-meister-perez-der-organist-3\/"},"wordCount":1666,"commentCount":0,"publisher":{"@id":"https:\/\/laballade.de\/wordpress\/#\/schema\/person\/6fadccd64c10acbfe6c9d563789d29a1"},"image":{"@id":"https:\/\/laballade.de\/wordpress\/weihnachtsgeschichte-meister-perez-der-organist-3\/#primaryimage"},"thumbnailUrl":"https:\/\/laballade.de\/wordpress\/wp-content\/uploads\/2020\/12\/5309255149_76db146466_c-300x200.jpg","keywords":["Dudelsack","Historisches","Kurzgeschichten","Orgel","Spanisch"],"articleSection":["Geschichten","\u00dcbersetzen"],"inLanguage":"de","potentialAction":[{"@type":"CommentAction","name":"Comment","target":["https:\/\/laballade.de\/wordpress\/weihnachtsgeschichte-meister-perez-der-organist-3\/#respond"]}]},{"@type":"WebPage","@id":"https:\/\/laballade.de\/wordpress\/weihnachtsgeschichte-meister-perez-der-organist-3\/","url":"https:\/\/laballade.de\/wordpress\/weihnachtsgeschichte-meister-perez-der-organist-3\/","name":"Weihnachtsgeschichte: Meister P\u00e9rez der Organist 3 - La Ballade","isPartOf":{"@id":"https:\/\/laballade.de\/wordpress\/#website"},"primaryImageOfPage":{"@id":"https:\/\/laballade.de\/wordpress\/weihnachtsgeschichte-meister-perez-der-organist-3\/#primaryimage"},"image":{"@id":"https:\/\/laballade.de\/wordpress\/weihnachtsgeschichte-meister-perez-der-organist-3\/#primaryimage"},"thumbnailUrl":"https:\/\/laballade.de\/wordpress\/wp-content\/uploads\/2020\/12\/5309255149_76db146466_c-300x200.jpg","datePublished":"2020-12-25T09:46:33+00:00","dateModified":"2022-01-06T18:51:33+00:00","description":"Weihnachtsgeschichte aus Spanien: Meister P\u00e9rez der Organist, Teil 3, mit Redeschwall und allerlei Instrumenten","breadcrumb":{"@id":"https:\/\/laballade.de\/wordpress\/weihnachtsgeschichte-meister-perez-der-organist-3\/#breadcrumb"},"inLanguage":"de","potentialAction":[{"@type":"ReadAction","target":["https:\/\/laballade.de\/wordpress\/weihnachtsgeschichte-meister-perez-der-organist-3\/"]}]},{"@type":"ImageObject","inLanguage":"de","@id":"https:\/\/laballade.de\/wordpress\/weihnachtsgeschichte-meister-perez-der-organist-3\/#primaryimage","url":"https:\/\/laballade.de\/wordpress\/wp-content\/uploads\/2020\/12\/5309255149_76db146466_c.jpg","contentUrl":"https:\/\/laballade.de\/wordpress\/wp-content\/uploads\/2020\/12\/5309255149_76db146466_c.jpg","width":799,"height":533,"caption":"Weihnachtsgeschichte: Meister P\u00e9rez der Organist"},{"@type":"BreadcrumbList","@id":"https:\/\/laballade.de\/wordpress\/weihnachtsgeschichte-meister-perez-der-organist-3\/#breadcrumb","itemListElement":[{"@type":"ListItem","position":1,"name":"Startseite","item":"https:\/\/laballade.de\/wordpress\/"},{"@type":"ListItem","position":2,"name":"Weihnachtsgeschichte: Meister P\u00e9rez der Organist 3"}]},{"@type":"WebSite","@id":"https:\/\/laballade.de\/wordpress\/#website","url":"https:\/\/laballade.de\/wordpress\/","name":"La Ballade","description":"Geschichten und Musik","publisher":{"@id":"https:\/\/laballade.de\/wordpress\/#\/schema\/person\/6fadccd64c10acbfe6c9d563789d29a1"},"potentialAction":[{"@type":"SearchAction","target":{"@type":"EntryPoint","urlTemplate":"https:\/\/laballade.de\/wordpress\/?s={search_term_string}"},"query-input":{"@type":"PropertyValueSpecification","valueRequired":true,"valueName":"search_term_string"}}],"inLanguage":"de"},{"@type":["Person","Organization"],"@id":"https:\/\/laballade.de\/wordpress\/#\/schema\/person\/6fadccd64c10acbfe6c9d563789d29a1","name":"Susanne","logo":{"@id":"https:\/\/laballade.de\/wordpress\/#\/schema\/person\/image\/"},"sameAs":["https:\/\/www.laballade.de"]}]}},"_links":{"self":[{"href":"https:\/\/laballade.de\/wordpress\/wp-json\/wp\/v2\/posts\/3924","targetHints":{"allow":["GET"]}}],"collection":[{"href":"https:\/\/laballade.de\/wordpress\/wp-json\/wp\/v2\/posts"}],"about":[{"href":"https:\/\/laballade.de\/wordpress\/wp-json\/wp\/v2\/types\/post"}],"author":[{"embeddable":true,"href":"https:\/\/laballade.de\/wordpress\/wp-json\/wp\/v2\/users\/1"}],"replies":[{"embeddable":true,"href":"https:\/\/laballade.de\/wordpress\/wp-json\/wp\/v2\/comments?post=3924"}],"version-history":[{"count":7,"href":"https:\/\/laballade.de\/wordpress\/wp-json\/wp\/v2\/posts\/3924\/revisions"}],"predecessor-version":[{"id":4546,"href":"https:\/\/laballade.de\/wordpress\/wp-json\/wp\/v2\/posts\/3924\/revisions\/4546"}],"wp:attachment":[{"href":"https:\/\/laballade.de\/wordpress\/wp-json\/wp\/v2\/media?parent=3924"}],"wp:term":[{"taxonomy":"category","embeddable":true,"href":"https:\/\/laballade.de\/wordpress\/wp-json\/wp\/v2\/categories?post=3924"},{"taxonomy":"post_tag","embeddable":true,"href":"https:\/\/laballade.de\/wordpress\/wp-json\/wp\/v2\/tags?post=3924"}],"curies":[{"name":"wp","href":"https:\/\/api.w.org\/{rel}","templated":true}]}}