{"id":3898,"date":"2020-12-24T12:39:17","date_gmt":"2020-12-24T11:39:17","guid":{"rendered":"https:\/\/laballade.de\/wordpress\/?p=3898"},"modified":"2022-01-06T19:49:55","modified_gmt":"2022-01-06T18:49:55","slug":"weihnachtsgeschichte-meister-perez-der-organist-1","status":"publish","type":"post","link":"https:\/\/laballade.de\/wordpress\/weihnachtsgeschichte-meister-perez-der-organist-1\/","title":{"rendered":"Weihnachtsgeschichte: Meister P\u00e9rez der Organist 1"},"content":{"rendered":"<p>Es folgt eine Weihnachtsgeschichte aus Spanien: \u201eMeister P\u00e9rez der Organist\u201c (Teil 1), von Gustavo Adolfo B\u00e9cquer (1836-1870), in meiner \u00dcbersetzung, mit geringf\u00fcgigen Bearbeitungen.<\/p>\n<p><img loading=\"lazy\" decoding=\"async\" class=\"size-medium wp-image-3900 aligncenter\" src=\"https:\/\/laballade.de\/wordpress\/wp-content\/uploads\/2020\/12\/5309255149_76db146466_c-300x200.jpg\" alt=\"Weihnachtsgeschichte - Meister P\u00e9rez der Organist\" width=\"300\" height=\"200\" srcset=\"https:\/\/laballade.de\/wordpress\/wp-content\/uploads\/2020\/12\/5309255149_76db146466_c-300x200.jpg 300w, https:\/\/laballade.de\/wordpress\/wp-content\/uploads\/2020\/12\/5309255149_76db146466_c-768x512.jpg 768w, https:\/\/laballade.de\/wordpress\/wp-content\/uploads\/2020\/12\/5309255149_76db146466_c.jpg 799w\" sizes=\"auto, (max-width: 300px) 100vw, 300px\" \/><\/p>\n<p>In Sevilla, im Vorhof der Kirche Santa In\u00e9s, h\u00f6rte ich von einer Pf\u00f6rtnerin des Klosters die folgende Geschichte, w\u00e4hrend ich auf den Beginn der Christmette wartete. Nat\u00fcrlich wartete ich danach um so ungeduldiger auf den Beginn des Gottesdienstes, begierig, ein Wunder mitzuerleben.<\/p>\n<p>Aber nichts Wunderbares ist an der Orgel von Santa In\u00e9s, nichts Gew\u00f6hnlicheres gibt es als die \u00f6den Motetten, die uns der Organist an jenem Abend zu Geh\u00f6r brachte. Als ich die Kirche nach der Messe verlie\u00df, konnte ich mich nicht enthalten, gegen\u00fcber der Pf\u00f6rtnerin scherzhaft anzumerken: \u201eWas hat es damit auf sich, dass die Orgel von Meister P\u00e9rez heute so schlecht klingt?\u201c<\/p>\n<p>\u201eGanz einfach\u201c, erwiderte die Alte, \u201edas ist gar nicht seine Orgel.\u201c<\/p>\n<p>\u201eNicht seine Orgel? Was ist mit ihr passiert?\u201c<\/p>\n<p>\u201eSie ist schon vor ein paar sch\u00f6nen Jahren in St\u00fccke gefallen, aus Altersschw\u00e4che.\u201c<\/p>\n<p>\u201eUnd die Seele des Organisten?\u201c<\/p>\n<p>\u201eIst nicht mehr erschienen, seit man die neue Orgel eingebaut hat.\u201c<\/p>\n<p>Falls sich jemand nach der Lekt\u00fcre dieser Erz\u00e4hlung dieselbe Frage stellen sollte, sei hiermit erkl\u00e4rt, warum das Wunder sich in unseren Tagen nicht mehr ereignet.<\/p>\n<div id=\"I\" dir=\"ltr\">\n<h4 align=\"center\"><span style=\"font-family: serif;\">I<\/span><\/h4>\n<\/div>\n<p>\u201eSeht Ihr den mit dem roten Mantel und der wei\u00dfen Feder auf dem Filzhut, der aussieht, als ob er alles Sch\u00e4tze Amerikas auf dem Wams tr\u00fcge? Der gerade aus seiner S\u00e4nfte steigt und dieser Dame die Hand gibt &#8230; sie ist ebenfalls ausgestiegen und kommt jetzt auf uns zu, und vier Pagen mit Fackeln bahnen ihr den Weg? Das ist der Marqu\u00e9s de Moscoso, der Verehrer der verwitweten Gr\u00e4fin Villapineda. Es hei\u00dft, dass er, bevor er ein Auge auf diese Dame geworfen hat, um die Hand der Tochter eines reichen Herrn angehalten hat; aber der Vater des Fr\u00e4uleins, von dem sagt man, er w\u00e4re doch ein wenig geizig\u00a0&#8230; aber still! Wenn man den\u00a0\u2026 na, du wei\u00dft schon, nennt\u00a0&#8230; \u00bfSiehst du den, der da unter dem Bogen von San Felipe vorbeigeht, mit dem dunklen Mantel, und nur ein Diener mit Laterne, der ihm leuchtet? Jetzt kommt er an dem Heiligenbild vorbei \u2026<\/p>\n<p>Habt Ihr gesehen, wie er das Bild gegr\u00fc\u00dft hat und dabei den Orden an seiner Brust funkeln l\u00e4sst?<\/p>\n<p>Ohne diese edle Auszeichnung w\u00fcrde man ihn glatt f\u00fcr einen Fischh\u00e4ndler aus der Calle de Culebras halten &#8230; Das ist der Vater, den ich meine; schaut nur, wie ihm die Leute Platz machen und ihn gr\u00fc\u00dfen.<\/p>\n<p>Ganz Sevilla wei\u00df von seinem kolossalen Reichtum. Er allein hat mehr Golddukaten in seinen Truhen als unser Herr und K\u00f6nig Felipe Soldaten unterh\u00e4lt, und mit seinen Galeonen k\u00f6nnte er ein Geschwader zusammenstellen, vor dem alle Piraten Rei\u00dfaus n\u00e4hmen\u00a0&#8230;<\/p>\n<p>Schaut da, die Gruppe von w\u00fcrdigen Herren: Das sind die Stadtr\u00e4te. Hola, hola! Da ist auch dieser Flame, von dem es hei\u00dft, dass ihn die Herren von der Inquisition nur in Ruhe lassen, weil er den n\u00f6tigen Einfluss bei den Magnaten in Madrid hat\u00a0&#8230; Er kommt nur in die Kirche, um Musik zu h\u00f6ren\u00a0&#8230; Aber wenn Meister P\u00e9rez mit seiner Orgel ihm keine faustgro\u00dfen Tr\u00e4nen entlockt, dann steht es fest, dass er keine Seele mehr hat, sondern dass sie schon in den Kesseln der H\u00f6lle schmort &#8230; Ah, Nachbarin! Das wird \u00fcbel &#8230; Da bekommen wir wohl eine Schl\u00e4gerei; ich ziehe mich in die Kirche zur\u00fcck, denn ich sehe schon, hier wird es mehr Pr\u00fcgel geben als Vaterunser. Schaut da; die Leute des Herzogs von Alcal\u00e1 kommen um die Ecke an der Plaza de San Pedro, und im Callej\u00f3n de las Due\u00f1as habe ich, glaube ich, schon die von Medinasidonia gesehen &#8230; Hab ich\u2019s nicht gesagt?<\/p>\n<p>Sie haben sich gesehen, sie versperren einander den Weg &#8230; die Leute laufen auseinander &#8230; die B\u00fcttel ziehen sich zur\u00fcck, denn auf die gehen bei solchen Gelegenheiten Freund und Feind gemeinsam los &#8230; Sogar der Herr Stadtrichter mit Amtsstab und allem sucht Zuflucht im Vorhof &#8230; und da sagen sie, es g\u00e4be eine Gerechtigkeit.\u201c<\/p>\n<p>\u201eF\u00fcr die Armen\u00a0&#8230;\u201c<\/p>\n<p>\u201eKommt, kommt, da funkeln schon die Schilde &#8230; Allm\u00e4chtiger Herr, besch\u00fctze uns! Da gehen sie aufeinander los &#8230; Nachbarin, Nachbarin! Hierher &#8230; bevor sie die T\u00fcren schlie\u00dfen. Aber still! Was ist das? Sie haben noch nicht richtig angefangen, da h\u00f6ren sie schon wieder auf. Was ist das f\u00fcr ein Auflauf? &#8230; Brennende Fackeln! S\u00e4nften! Der Herr Bischof!<\/p>\n<p>Die Muttergottes der Hilflosen, die ich gerade im Geist angerufen habe, schickt ihn mir zur Hilfe &#8230; Ay! Niemand wei\u00df, was ich dieser Lieben Frau verdanke!&#8230; Mit so hohen Zinsen zahlt sie mir die armseligen Kerzen zur\u00fcck, die ich jeden Samstag f\u00fcr sie anz\u00fcnde!&#8230; Schaut nur, wie gro\u00dfartig er aussieht, mit seinem violetten Habit und dem roten Birett &#8230; Gott erhalte ihn noch so viele Jahre auf seinem Sitz, wie ich mir noch Leben w\u00fcnsche. Ohne ihn w\u00e4re schon halb Sevilla verbrannt in den Streitigkeiten der Herz\u00f6ge. Schaut nur, wie die beiden Heuchler an die S\u00e4nfte des Bischofs herantreten und ihm den Ring k\u00fcssen &#8230; Wie sie ihm folgen und ihn begleiten, als ob sie zu seiner Entourage geh\u00f6rten. Wer w\u00fcrde glauben, dass die zwei, die sich jetzt als beste Freunde geben, wenn sie in einer halben Stunde in einer dunklen Gasse wieder zusammentreffen &#8230; ich meine, dann!&#8230; Gott wei\u00df, dass ich sie nicht f\u00fcr feige halte. Das haben sie schon bewiesen, haben mehr als einmal gegen die Feinde des K\u00f6nigs gek\u00e4mpft &#8230; Aber es ist doch wahr, wenn sie wollten &#8230; wenn sie wirklich wollten, k\u00f6nnten sie diesen st\u00e4ndigen Streitereien ein Ende machen. Denn in Wahrheit sind vor allem ihre Verwandten und ihre Diener mit Feuereifer dabei.<\/p>\n<h4 style=\"text-align: center;\"><strong>* * *<\/strong><\/h4>\n<p>Aber kommt, Nachbarin, gehen wir in die Kirche, bevor wir dort gar keinen Platz mehr finden &#8230; manchmal ist es an Heiligabend so voll, dass kein Weizenkorn mehr hineinpasst &#8230; Die Nonnen haben gro\u00dfes Gl\u00fcck mit ihrem Organisten &#8230; War das Kloster \u00fcberhaupt schon einmal in einer so gl\u00fccklichen Lage? &#8230; Von den anderen Orden h\u00f6rt man, dass sie Meister P\u00e9rez gro\u00dfartige Angebote gemacht haben, was auch gar kein Wunder ist, sogar der Herr Erzbischof selbst hat ihm schon Berge von Gold geboten, um ihn f\u00fcr die Kathedrale abzuwerben &#8230; aber er sagt nein &#8230; Eher l\u00e4sst er sein Leben, als seine Lieblingsorgel aufzugeben &#8230; Kennt Ihr etwa Meister P\u00e9rez noch nicht? Ach, Ihr seid ja neu in der Gemeinde &#8230; Er ist fast ein Heiliger. Arm, ja, aber wohlt\u00e4tig wie kein anderer &#8230; Er hat keine Verwandten au\u00dfer seiner Tochter und keine Freunde au\u00dfer der Orgel. Er verbringt sein ganzes Leben damit, \u00fcber die Unschuld der einen zu wachen und die Register der anderen in bester Form zu halten &#8230; Nat\u00fcrlich ist die Orgel schon alt!&#8230; Trotzdem gibt er sich so viel M\u00fchle sie zu pflegen und zu warten, dass ihr Klang ein wahres Wunder ist &#8230; Er kennt sie so gut, hat alles im Gesp\u00fcr &#8230; ich wei\u00df nicht, ob ich es dir schon gesagt habe, aber der arme Mann ist blind von Geburt an &#8230; Und tr\u00e4gt dieses Ungl\u00fcck mit so viel Geduld! &#8230; Wenn man ihn fragt, was er daf\u00fcr geben w\u00fcrde, wieder sehen zu k\u00f6nnen, antwortet er: \u201aViel, aber weniger als ihr glaubt, denn ich habe Hoffnung.\u2018 &#8211; \u201aHoffnung, zu sehen?\u2018 &#8211; \u201aJa, und schon bald\u2018, f\u00fcgt er mit einem engelsgleichen L\u00e4cheln hinzu. \u201aIch bin schon sechsundsiebzig; auch wenn mein Leben lang war, bald werde ich Gott sehen\u00a0&#8230;<\/p>\n<p>Der arme Kerl! Und er wird ihn sehen &#8230; denn er ist bescheiden wie ein Pflasterstein, \u00fcber den alle Welt hinweggeht &#8230; Er sagt, er sei nicht mehr als ein armer Klosterorganist, dabei k\u00f6nnte er dem Kantor der Kathedrale noch Musikunterricht geben; sein Amt ist ihm schon in die Wiege gelegt worden &#8230; Sein Vater hatte den gleichen Beruf; ich habe ihn nicht gekannt, aber meine Frau Mutter, Gott hab sie selig, sagt, dass er ihn immer mit an die Orgel genommen hat, um die B\u00e4lge zu treten. Sp\u00e4ter hat der Junge so viel Talent gezeigt, was ja nur nat\u00fcrlich ist, dass er nach dem Tod seines Vaters das Amt geerbt hat Und seine H\u00e4nde! Gott segne sie. Sie h\u00e4tten es verdient, dass man sie in die Calle de Chicarreros bringt und vergolden l\u00e4sst &#8230; Er spielt immer gut, immer; aber in N\u00e4chten wie dieser ist es ein wahres Wunder &#8230; Die Christmette ist ihm sehr wichtig, und wenn um Schlag zw\u00f6lf, zu der Stunde in der unser Herr Jesus Christus geboren wurde, die Hostie erhoben wird &#8230; da klingen die Stimmen der Orgel wie der Gesang der Engel &#8230;<\/p>\n<p>Aber wozu soll ich Euch erz\u00e4hlen, was Ihr in dieser Nacht h\u00f6ren werdet? Ihr braucht doch nur zu sehen, wie sich die Bl\u00fcte von Sevilla, sogar der Herr Erzbischof pers\u00f6nlich, in diesem bescheidenen Kloster versammelt, um ihn spielen zu h\u00f6ren; und es sind nicht nur die gebildeten Leute oder solche, die sich auf Musik verstehen, die seinen Wert kennen, sondern auch das einfache Volk. Diese Menschenmengen, die Ihr mit brennenden Kienfackeln hereinstr\u00f6men seht, die hemmungslos Weihnachtslieder gr\u00f6len und dazu mit Tamburins und Rummelt\u00f6pfen l\u00e4rmen, wie es selbst in der Kirche ihre Gewohnheit ist, sind m\u00e4uschenstill, wenn Meister Perez die H\u00e4nde auf die Tasten legt &#8230; und wenn er anhebt &#8230; wenn er anhebt, regt sich nicht einmal eine Fliege &#8230; aus allen Augen flie\u00dfen dicke Tr\u00e4nen, und wenn sein Spiel endet, h\u00f6rt man einen gewaltigen Seufzer, nichts anderes als der Atem, den das ganze Publikum angehalten hat, solange die Musik erklang \u2026 Aber kommt, kommt, die Glocken h\u00f6ren schon auf zu l\u00e4uten, gleich f\u00e4ngt die Messe an; gehen wir hinein.<\/p>\n<p>Heiligabend ist f\u00fcr alle, aber so selig wie f\u00fcr uns wird er sonst nirgends.\u201c<\/p>\n<p>So sprach die gute Frau, die ihre neue Nachbarin ausf\u00fchrlich mit dem Leben in der Gemeinde bekannt gemacht hatte, \u00fcberquerte den Vorhof des Klosters Santa In\u00e9s, und mit einem Ellbogensto\u00df hier und einem Schubs dort betrat sie das Gotteshaus und verschwand in der Menge, die sich durch die T\u00fcr dr\u00e4ngte.<\/p>\n<h4 style=\"text-align: center;\"><strong>* * *<\/strong><\/h4>\n<p>Fortsetzung folgt.<\/p>\n<p>Bild: Ed Schipul via Flickr, <a href=\"https:\/\/creativecommons.org\/licenses\/by-sa\/2.0\/\">CC BY-SA 2.0<\/a><\/p>\n","protected":false},"excerpt":{"rendered":"<p>Es folgt eine Weihnachtsgeschichte aus Spanien: \u201eMeister P\u00e9rez der Organist\u201c (Teil 1), von Gustavo Adolfo B\u00e9cquer (1836-1870), in meiner \u00dcbersetzung, mit geringf\u00fcgigen Bearbeitungen. In Sevilla, im Vorhof der Kirche Santa In\u00e9s, h\u00f6rte ich von einer Pf\u00f6rtnerin des Klosters die folgende Geschichte, w\u00e4hrend ich auf den Beginn der Christmette wartete. Nat\u00fcrlich wartete ich danach um so [&hellip;]<\/p>\n","protected":false},"author":1,"featured_media":0,"comment_status":"open","ping_status":"open","sticky":false,"template":"","format":"standard","meta":{"footnotes":""},"categories":[8,91],"tags":[99,11,114,25,13],"class_list":["post-3898","post","type-post","status-publish","format-standard","hentry","category-geschichten","category-uebersetzen","tag-historisches","tag-kurzgeschichten","tag-orgel","tag-spanisch","tag-uebersetzungen"],"yoast_head":"<!-- This site is optimized with the Yoast SEO plugin v27.4 - https:\/\/yoast.com\/product\/yoast-seo-wordpress\/ -->\n<title>Weihnachtsgeschichte: Meister P\u00e9rez der Organist 1 - La Ballade<\/title>\n<meta name=\"description\" content=\"Weihnachtsgeschichte aus Spanien: &quot;Meister P\u00e9rez der Organist&quot; (Teil 1) von G. A. Becquer, mit redseliger Dame und streits\u00fcchtigen Herren\" \/>\n<meta name=\"robots\" content=\"index, follow, max-snippet:-1, max-image-preview:large, max-video-preview:-1\" \/>\n<link rel=\"canonical\" href=\"https:\/\/laballade.de\/wordpress\/weihnachtsgeschichte-meister-perez-der-organist-1\/\" \/>\n<meta property=\"og:locale\" content=\"de_DE\" \/>\n<meta property=\"og:type\" content=\"article\" \/>\n<meta property=\"og:title\" content=\"Weihnachtsgeschichte: Meister P\u00e9rez der Organist 1 - La Ballade\" \/>\n<meta property=\"og:description\" content=\"Weihnachtsgeschichte aus Spanien: &quot;Meister P\u00e9rez der Organist&quot; (Teil 1) von G. A. Becquer, mit redseliger Dame und streits\u00fcchtigen Herren\" \/>\n<meta property=\"og:url\" content=\"https:\/\/laballade.de\/wordpress\/weihnachtsgeschichte-meister-perez-der-organist-1\/\" \/>\n<meta property=\"og:site_name\" content=\"La Ballade\" \/>\n<meta property=\"article:published_time\" content=\"2020-12-24T11:39:17+00:00\" \/>\n<meta property=\"article:modified_time\" content=\"2022-01-06T18:49:55+00:00\" \/>\n<meta property=\"og:image\" content=\"https:\/\/laballade.de\/wordpress\/wp-content\/uploads\/2020\/12\/5309255149_76db146466_c-300x200.jpg\" \/>\n<meta name=\"author\" content=\"Susanne\" \/>\n<meta name=\"twitter:card\" content=\"summary_large_image\" \/>\n<meta name=\"twitter:label1\" content=\"Verfasst von\" \/>\n\t<meta name=\"twitter:data1\" content=\"Susanne\" \/>\n\t<meta name=\"twitter:label2\" content=\"Gesch\u00e4tzte Lesezeit\" \/>\n\t<meta name=\"twitter:data2\" content=\"9\u00a0Minuten\" \/>\n<script type=\"application\/ld+json\" class=\"yoast-schema-graph\">{\"@context\":\"https:\\\/\\\/schema.org\",\"@graph\":[{\"@type\":\"Article\",\"@id\":\"https:\\\/\\\/laballade.de\\\/wordpress\\\/weihnachtsgeschichte-meister-perez-der-organist-1\\\/#article\",\"isPartOf\":{\"@id\":\"https:\\\/\\\/laballade.de\\\/wordpress\\\/weihnachtsgeschichte-meister-perez-der-organist-1\\\/\"},\"author\":{\"name\":\"Susanne\",\"@id\":\"https:\\\/\\\/laballade.de\\\/wordpress\\\/#\\\/schema\\\/person\\\/6fadccd64c10acbfe6c9d563789d29a1\"},\"headline\":\"Weihnachtsgeschichte: Meister P\u00e9rez der Organist 1\",\"datePublished\":\"2020-12-24T11:39:17+00:00\",\"dateModified\":\"2022-01-06T18:49:55+00:00\",\"mainEntityOfPage\":{\"@id\":\"https:\\\/\\\/laballade.de\\\/wordpress\\\/weihnachtsgeschichte-meister-perez-der-organist-1\\\/\"},\"wordCount\":1745,\"commentCount\":0,\"publisher\":{\"@id\":\"https:\\\/\\\/laballade.de\\\/wordpress\\\/#\\\/schema\\\/person\\\/6fadccd64c10acbfe6c9d563789d29a1\"},\"image\":{\"@id\":\"https:\\\/\\\/laballade.de\\\/wordpress\\\/weihnachtsgeschichte-meister-perez-der-organist-1\\\/#primaryimage\"},\"thumbnailUrl\":\"https:\\\/\\\/laballade.de\\\/wordpress\\\/wp-content\\\/uploads\\\/2020\\\/12\\\/5309255149_76db146466_c-300x200.jpg\",\"keywords\":[\"Historisches\",\"Kurzgeschichten\",\"Orgel\",\"Spanisch\",\"\u00dcbersetzungen\"],\"articleSection\":[\"Geschichten\",\"\u00dcbersetzen\"],\"inLanguage\":\"de\",\"potentialAction\":[{\"@type\":\"CommentAction\",\"name\":\"Comment\",\"target\":[\"https:\\\/\\\/laballade.de\\\/wordpress\\\/weihnachtsgeschichte-meister-perez-der-organist-1\\\/#respond\"]}]},{\"@type\":\"WebPage\",\"@id\":\"https:\\\/\\\/laballade.de\\\/wordpress\\\/weihnachtsgeschichte-meister-perez-der-organist-1\\\/\",\"url\":\"https:\\\/\\\/laballade.de\\\/wordpress\\\/weihnachtsgeschichte-meister-perez-der-organist-1\\\/\",\"name\":\"Weihnachtsgeschichte: Meister P\u00e9rez der Organist 1 - La Ballade\",\"isPartOf\":{\"@id\":\"https:\\\/\\\/laballade.de\\\/wordpress\\\/#website\"},\"primaryImageOfPage\":{\"@id\":\"https:\\\/\\\/laballade.de\\\/wordpress\\\/weihnachtsgeschichte-meister-perez-der-organist-1\\\/#primaryimage\"},\"image\":{\"@id\":\"https:\\\/\\\/laballade.de\\\/wordpress\\\/weihnachtsgeschichte-meister-perez-der-organist-1\\\/#primaryimage\"},\"thumbnailUrl\":\"https:\\\/\\\/laballade.de\\\/wordpress\\\/wp-content\\\/uploads\\\/2020\\\/12\\\/5309255149_76db146466_c-300x200.jpg\",\"datePublished\":\"2020-12-24T11:39:17+00:00\",\"dateModified\":\"2022-01-06T18:49:55+00:00\",\"description\":\"Weihnachtsgeschichte aus Spanien: \\\"Meister P\u00e9rez der Organist\\\" (Teil 1) von G. A. Becquer, mit redseliger Dame und streits\u00fcchtigen Herren\",\"breadcrumb\":{\"@id\":\"https:\\\/\\\/laballade.de\\\/wordpress\\\/weihnachtsgeschichte-meister-perez-der-organist-1\\\/#breadcrumb\"},\"inLanguage\":\"de\",\"potentialAction\":[{\"@type\":\"ReadAction\",\"target\":[\"https:\\\/\\\/laballade.de\\\/wordpress\\\/weihnachtsgeschichte-meister-perez-der-organist-1\\\/\"]}]},{\"@type\":\"ImageObject\",\"inLanguage\":\"de\",\"@id\":\"https:\\\/\\\/laballade.de\\\/wordpress\\\/weihnachtsgeschichte-meister-perez-der-organist-1\\\/#primaryimage\",\"url\":\"https:\\\/\\\/laballade.de\\\/wordpress\\\/wp-content\\\/uploads\\\/2020\\\/12\\\/5309255149_76db146466_c.jpg\",\"contentUrl\":\"https:\\\/\\\/laballade.de\\\/wordpress\\\/wp-content\\\/uploads\\\/2020\\\/12\\\/5309255149_76db146466_c.jpg\",\"width\":799,\"height\":533,\"caption\":\"Weihnachtsgeschichte: Meister P\u00e9rez der Organist\"},{\"@type\":\"BreadcrumbList\",\"@id\":\"https:\\\/\\\/laballade.de\\\/wordpress\\\/weihnachtsgeschichte-meister-perez-der-organist-1\\\/#breadcrumb\",\"itemListElement\":[{\"@type\":\"ListItem\",\"position\":1,\"name\":\"Startseite\",\"item\":\"https:\\\/\\\/laballade.de\\\/wordpress\\\/\"},{\"@type\":\"ListItem\",\"position\":2,\"name\":\"Weihnachtsgeschichte: Meister P\u00e9rez der Organist 1\"}]},{\"@type\":\"WebSite\",\"@id\":\"https:\\\/\\\/laballade.de\\\/wordpress\\\/#website\",\"url\":\"https:\\\/\\\/laballade.de\\\/wordpress\\\/\",\"name\":\"La Ballade\",\"description\":\"Geschichten und Musik\",\"publisher\":{\"@id\":\"https:\\\/\\\/laballade.de\\\/wordpress\\\/#\\\/schema\\\/person\\\/6fadccd64c10acbfe6c9d563789d29a1\"},\"potentialAction\":[{\"@type\":\"SearchAction\",\"target\":{\"@type\":\"EntryPoint\",\"urlTemplate\":\"https:\\\/\\\/laballade.de\\\/wordpress\\\/?s={search_term_string}\"},\"query-input\":{\"@type\":\"PropertyValueSpecification\",\"valueRequired\":true,\"valueName\":\"search_term_string\"}}],\"inLanguage\":\"de\"},{\"@type\":[\"Person\",\"Organization\"],\"@id\":\"https:\\\/\\\/laballade.de\\\/wordpress\\\/#\\\/schema\\\/person\\\/6fadccd64c10acbfe6c9d563789d29a1\",\"name\":\"Susanne\",\"logo\":{\"@id\":\"https:\\\/\\\/laballade.de\\\/wordpress\\\/#\\\/schema\\\/person\\\/image\\\/\"},\"sameAs\":[\"https:\\\/\\\/www.laballade.de\"]}]}<\/script>\n<!-- \/ Yoast SEO plugin. -->","yoast_head_json":{"title":"Weihnachtsgeschichte: Meister P\u00e9rez der Organist 1 - La Ballade","description":"Weihnachtsgeschichte aus Spanien: \"Meister P\u00e9rez der Organist\" (Teil 1) von G. A. Becquer, mit redseliger Dame und streits\u00fcchtigen Herren","robots":{"index":"index","follow":"follow","max-snippet":"max-snippet:-1","max-image-preview":"max-image-preview:large","max-video-preview":"max-video-preview:-1"},"canonical":"https:\/\/laballade.de\/wordpress\/weihnachtsgeschichte-meister-perez-der-organist-1\/","og_locale":"de_DE","og_type":"article","og_title":"Weihnachtsgeschichte: Meister P\u00e9rez der Organist 1 - La Ballade","og_description":"Weihnachtsgeschichte aus Spanien: \"Meister P\u00e9rez der Organist\" (Teil 1) von G. A. Becquer, mit redseliger Dame und streits\u00fcchtigen Herren","og_url":"https:\/\/laballade.de\/wordpress\/weihnachtsgeschichte-meister-perez-der-organist-1\/","og_site_name":"La Ballade","article_published_time":"2020-12-24T11:39:17+00:00","article_modified_time":"2022-01-06T18:49:55+00:00","og_image":[{"url":"https:\/\/laballade.de\/wordpress\/wp-content\/uploads\/2020\/12\/5309255149_76db146466_c-300x200.jpg","type":"","width":"","height":""}],"author":"Susanne","twitter_card":"summary_large_image","twitter_misc":{"Verfasst von":"Susanne","Gesch\u00e4tzte Lesezeit":"9\u00a0Minuten"},"schema":{"@context":"https:\/\/schema.org","@graph":[{"@type":"Article","@id":"https:\/\/laballade.de\/wordpress\/weihnachtsgeschichte-meister-perez-der-organist-1\/#article","isPartOf":{"@id":"https:\/\/laballade.de\/wordpress\/weihnachtsgeschichte-meister-perez-der-organist-1\/"},"author":{"name":"Susanne","@id":"https:\/\/laballade.de\/wordpress\/#\/schema\/person\/6fadccd64c10acbfe6c9d563789d29a1"},"headline":"Weihnachtsgeschichte: Meister P\u00e9rez der Organist 1","datePublished":"2020-12-24T11:39:17+00:00","dateModified":"2022-01-06T18:49:55+00:00","mainEntityOfPage":{"@id":"https:\/\/laballade.de\/wordpress\/weihnachtsgeschichte-meister-perez-der-organist-1\/"},"wordCount":1745,"commentCount":0,"publisher":{"@id":"https:\/\/laballade.de\/wordpress\/#\/schema\/person\/6fadccd64c10acbfe6c9d563789d29a1"},"image":{"@id":"https:\/\/laballade.de\/wordpress\/weihnachtsgeschichte-meister-perez-der-organist-1\/#primaryimage"},"thumbnailUrl":"https:\/\/laballade.de\/wordpress\/wp-content\/uploads\/2020\/12\/5309255149_76db146466_c-300x200.jpg","keywords":["Historisches","Kurzgeschichten","Orgel","Spanisch","\u00dcbersetzungen"],"articleSection":["Geschichten","\u00dcbersetzen"],"inLanguage":"de","potentialAction":[{"@type":"CommentAction","name":"Comment","target":["https:\/\/laballade.de\/wordpress\/weihnachtsgeschichte-meister-perez-der-organist-1\/#respond"]}]},{"@type":"WebPage","@id":"https:\/\/laballade.de\/wordpress\/weihnachtsgeschichte-meister-perez-der-organist-1\/","url":"https:\/\/laballade.de\/wordpress\/weihnachtsgeschichte-meister-perez-der-organist-1\/","name":"Weihnachtsgeschichte: Meister P\u00e9rez der Organist 1 - La Ballade","isPartOf":{"@id":"https:\/\/laballade.de\/wordpress\/#website"},"primaryImageOfPage":{"@id":"https:\/\/laballade.de\/wordpress\/weihnachtsgeschichte-meister-perez-der-organist-1\/#primaryimage"},"image":{"@id":"https:\/\/laballade.de\/wordpress\/weihnachtsgeschichte-meister-perez-der-organist-1\/#primaryimage"},"thumbnailUrl":"https:\/\/laballade.de\/wordpress\/wp-content\/uploads\/2020\/12\/5309255149_76db146466_c-300x200.jpg","datePublished":"2020-12-24T11:39:17+00:00","dateModified":"2022-01-06T18:49:55+00:00","description":"Weihnachtsgeschichte aus Spanien: \"Meister P\u00e9rez der Organist\" (Teil 1) von G. A. Becquer, mit redseliger Dame und streits\u00fcchtigen Herren","breadcrumb":{"@id":"https:\/\/laballade.de\/wordpress\/weihnachtsgeschichte-meister-perez-der-organist-1\/#breadcrumb"},"inLanguage":"de","potentialAction":[{"@type":"ReadAction","target":["https:\/\/laballade.de\/wordpress\/weihnachtsgeschichte-meister-perez-der-organist-1\/"]}]},{"@type":"ImageObject","inLanguage":"de","@id":"https:\/\/laballade.de\/wordpress\/weihnachtsgeschichte-meister-perez-der-organist-1\/#primaryimage","url":"https:\/\/laballade.de\/wordpress\/wp-content\/uploads\/2020\/12\/5309255149_76db146466_c.jpg","contentUrl":"https:\/\/laballade.de\/wordpress\/wp-content\/uploads\/2020\/12\/5309255149_76db146466_c.jpg","width":799,"height":533,"caption":"Weihnachtsgeschichte: Meister P\u00e9rez der Organist"},{"@type":"BreadcrumbList","@id":"https:\/\/laballade.de\/wordpress\/weihnachtsgeschichte-meister-perez-der-organist-1\/#breadcrumb","itemListElement":[{"@type":"ListItem","position":1,"name":"Startseite","item":"https:\/\/laballade.de\/wordpress\/"},{"@type":"ListItem","position":2,"name":"Weihnachtsgeschichte: Meister P\u00e9rez der Organist 1"}]},{"@type":"WebSite","@id":"https:\/\/laballade.de\/wordpress\/#website","url":"https:\/\/laballade.de\/wordpress\/","name":"La Ballade","description":"Geschichten und Musik","publisher":{"@id":"https:\/\/laballade.de\/wordpress\/#\/schema\/person\/6fadccd64c10acbfe6c9d563789d29a1"},"potentialAction":[{"@type":"SearchAction","target":{"@type":"EntryPoint","urlTemplate":"https:\/\/laballade.de\/wordpress\/?s={search_term_string}"},"query-input":{"@type":"PropertyValueSpecification","valueRequired":true,"valueName":"search_term_string"}}],"inLanguage":"de"},{"@type":["Person","Organization"],"@id":"https:\/\/laballade.de\/wordpress\/#\/schema\/person\/6fadccd64c10acbfe6c9d563789d29a1","name":"Susanne","logo":{"@id":"https:\/\/laballade.de\/wordpress\/#\/schema\/person\/image\/"},"sameAs":["https:\/\/www.laballade.de"]}]}},"_links":{"self":[{"href":"https:\/\/laballade.de\/wordpress\/wp-json\/wp\/v2\/posts\/3898","targetHints":{"allow":["GET"]}}],"collection":[{"href":"https:\/\/laballade.de\/wordpress\/wp-json\/wp\/v2\/posts"}],"about":[{"href":"https:\/\/laballade.de\/wordpress\/wp-json\/wp\/v2\/types\/post"}],"author":[{"embeddable":true,"href":"https:\/\/laballade.de\/wordpress\/wp-json\/wp\/v2\/users\/1"}],"replies":[{"embeddable":true,"href":"https:\/\/laballade.de\/wordpress\/wp-json\/wp\/v2\/comments?post=3898"}],"version-history":[{"count":5,"href":"https:\/\/laballade.de\/wordpress\/wp-json\/wp\/v2\/posts\/3898\/revisions"}],"predecessor-version":[{"id":4544,"href":"https:\/\/laballade.de\/wordpress\/wp-json\/wp\/v2\/posts\/3898\/revisions\/4544"}],"wp:attachment":[{"href":"https:\/\/laballade.de\/wordpress\/wp-json\/wp\/v2\/media?parent=3898"}],"wp:term":[{"taxonomy":"category","embeddable":true,"href":"https:\/\/laballade.de\/wordpress\/wp-json\/wp\/v2\/categories?post=3898"},{"taxonomy":"post_tag","embeddable":true,"href":"https:\/\/laballade.de\/wordpress\/wp-json\/wp\/v2\/tags?post=3898"}],"curies":[{"name":"wp","href":"https:\/\/api.w.org\/{rel}","templated":true}]}}